{"id":1176,"date":"2013-01-09T09:00:39","date_gmt":"2013-01-09T16:00:39","guid":{"rendered":"http:\/\/wptest.io\/demo\/?p=895"},"modified":"2018-03-10T14:28:52","modified_gmt":"2018-03-10T11:28:52","slug":"markup-text-alignment","status":"publish","type":"post","link":"https:\/\/rentagor.com\/tr\/markup-text-alignment\/","title":{"rendered":"Karada\u011f&#8217;a Kendi Ba\u015f\u0131n\u0131za Seyahat: Bilmeniz Gerekenler"},"content":{"rendered":"<p>Do\u011fu Avrupa&#8217;n\u0131n bu b\u00f6lgesinde seyahat etmekle ilgili \u00e7ok az zorluk olsa da, seyahatinizi organize etmenize yard\u0131mc\u0131 olacak birka\u00e7 ipucu a\u015fa\u011f\u0131dad\u0131r.<\/p>\n<p>Do\u011fal Manzaralara Daha Fazla Zaman Ay\u0131r\u0131n<\/p>\n<p>Karada\u011f, haz\u0131rl\u0131ks\u0131z birini manzaralar\u0131yla etkileyen bir da\u011flar ve vadiler \u00fclkesidir. Ancak uzun s\u00fcre seyahat etti\u011finizde, ister pitoresk bir da\u011f, ister bozulmam\u0131\u015f bir \u015felale ak\u0131nt\u0131s\u0131 veya isterse de h\u0131zl\u0131 akan derin bir vadi olsun, manzara monoton g\u00f6r\u00fcnmeye ba\u015flar. Bu nedenle, seyahatin t\u00fcm cazibesini belirleyen k\u00fc\u00e7\u00fck ayr\u0131nt\u0131lara odaklan\u0131n. Bunlar, y\u0131llar sonra bile hayranl\u0131kla hat\u0131rlayaca\u011f\u0131n\u0131z anlard\u0131r. Avrupa&#8217;n\u0131n \u00e7o\u011fu \u00fclkesinin aksine, Karada\u011f, Kotor hari\u00e7, \u015fehirlere \u00f6zel \u00f6nem vermeniz gereken bir yer de\u011fildir. Buras\u0131 muhte\u015fem manzaralar\u0131n, g\u00f6llerin ve k\u0131vr\u0131ml\u0131 nehirlerin \u00fclkesidir.<\/p>\n<p>En Az\u0131ndan Birka\u00e7 G\u00fcnl\u00fc\u011f\u00fcne Araba Kiralamaya De\u011fer<\/p>\n<p>Karada\u011f&#8217;da otob\u00fcs veya trenle seyahat etmek m\u00fcmk\u00fcn olsa da, yaln\u0131zca arabayla ula\u015fabilece\u011finiz unutulmaz yerler vard\u0131r. Karada\u011f&#8217;da ara\u00e7 kiralama ucuzdur ve inan\u0131n bana, harcad\u0131\u011f\u0131n\u0131z paraya pi\u015fman olmayacaks\u0131n\u0131z. \u00dclkede ka\u00e7\u0131r\u0131lmamas\u0131 gereken muhte\u015fem rotalar var. En pitoresk olanlardan biri Plu\u017eine ve \u017dabljak&#8217;\u0131 birbirine ba\u011flayan yoldur, ancak kendi arac\u0131n\u0131z olmadan oraya ula\u015famazs\u0131n\u0131z. Karada\u011f&#8217;da sadece 1-2 g\u00fcnl\u00fc\u011f\u00fcne bile araba ile seyahat etmek, toplu ta\u015f\u0131mayla asla ula\u015famayaca\u011f\u0131n\u0131z yerleri size a\u00e7acakt\u0131r.<\/p>\n<p>Yollarda Dikkatli Olun<\/p>\n<p>Virajlarda h\u0131zl\u0131 sollama, yolun ortas\u0131nda s\u00fcrme, dar da\u011f ge\u00e7itlerinde h\u0131zla ilerleyen kamyonlar Karada\u011f yollar\u0131n\u0131n ola\u011fan manzaras\u0131d\u0131r. Burada araba kullanmak bir engelli ko\u015fu yar\u0131\u015f\u0131na benzeyebilir. \u00c7o\u011fu dikiz aynas\u0131ndan sarkan dini muskalar\u0131na ra\u011fmen, haz\u0131rl\u0131ks\u0131z bir turist t\u00fcm arabalarda intihar bombac\u0131lar\u0131 oldu\u011fu izlenimine kap\u0131labilir. Bir kamyonun da\u011f yolunda minyat\u00fcr bir arabay\u0131 s\u0131k\u0131\u015ft\u0131rd\u0131\u011f\u0131n\u0131 ve bir s\u00fcr\u00fcc\u00fcn\u00fcn \u00f6n\u00fcndeki arabalar\u0131 sollamak i\u00e7in yoku\u015f yukar\u0131 h\u0131zland\u0131\u011f\u0131n\u0131 g\u00f6rmek nadir de\u011fildir. Ara\u00e7 kiralarsan\u0131z, yerel halk\u0131n trafik kurallar\u0131na Avrupa&#8217;n\u0131n di\u011fer b\u00f6lgelerine g\u00f6re daha rahat yakla\u015ft\u0131\u011f\u0131n\u0131 unutmay\u0131n.<\/p>\n<p>Sigara \u0130\u00e7mek Her Yerde Serbest<\/p>\n<p>D\u00fcnyan\u0131n \u00e7o\u011fu Avrupa \u00fclkesinde sigara i\u00e7mek azalan bir trenddir. So\u011fu\u011fa veya ya\u011fmura ra\u011fmen sigara i\u00e7mek i\u00e7in rahat kafeyi terk etmek veya bir kafe, otob\u00fcs dura\u011f\u0131 veya okuldan izin verilen mesafede olmad\u0131\u011f\u0131n\u0131zdan emin olmak i\u00e7in y\u00fczlerce metre y\u00fcr\u00fcmek zorunda kal\u0131rs\u0131n\u0131z. Ancak Karada\u011f&#8217;da yakla\u015f\u0131m farkl\u0131d\u0131r. Otob\u00fcs \u015fof\u00f6rleri s\u00fcr\u00fc\u015f s\u0131ras\u0131nda sigara i\u00e7mekte bir sak\u0131nca g\u00f6rmezler. Avrupa&#8217;da ge\u00e7en y\u00fczy\u0131lla \u00f6zde\u015fle\u015fen siyah tavanl\u0131 ve dolu k\u00fcll\u00fcklerle dolu dumanl\u0131 kafeler, d\u00fcnyan\u0131n bu b\u00f6l\u00fcm\u00fcnde hala normaldir.<\/p>\n<p>\u00c7ad\u0131r Kurmak Neredeyse Her Yerde M\u00fcmk\u00fcn<\/p>\n<p>Nehirler boyunca, da\u011flar\u0131n tepelerinde, g\u00f6llerin yan\u0131nda ve tarlalarda &#8211; \u00fclkenin neredeyse her yerinde kamp yapmak serbesttir. E\u011fer al\u0131\u015f\u0131lm\u0131\u015f\u0131n d\u0131\u015f\u0131na \u00e7\u0131k\u0131p Karada\u011f&#8217;da kendi ba\u015f\u0131n\u0131za tatilin tad\u0131n\u0131 \u00e7\u0131karmak niyetindeyseniz, bagaj\u0131n\u0131za \u00f6nceden bir \u00e7ad\u0131r koyun. \u00c7o\u011fu yerde tatl\u0131 su kaynaklar\u0131 vard\u0131r, ancak da\u011flarda so\u011fuk gecelere haz\u0131rl\u0131kl\u0131 olun.<\/p>\n<p>Yerel Halkla \u0130leti\u015fim Kurmak Zor<\/p>\n<p>Aldat\u0131c\u0131 bir \u015fekilde basit g\u00f6r\u00fcnen kelimeler bile sizi telaffuzu zor \u00fcns\u00fcz y\u0131\u011f\u0131nlar\u0131na tak\u0131lmaya zorlar. Ve Karada\u011f leh\u00e7eleri kuzeyden g\u00fcneye de\u011fi\u015fti\u011fi i\u00e7in, anla\u015f\u0131lmamaya \u015fa\u015f\u0131rmay\u0131n. \u0130ngilizce ile idare edebilece\u011finizi ummay\u0131n: Karada\u011f&#8217;da \u0130ngilizce anlayan \u00e7ok az insan var. \u015ea\u015f\u0131rt\u0131c\u0131 bir \u015fekilde \u00e7ok daha yayg\u0131n olan Almanca&#8217;n\u0131n aksine.<\/p>\n<p>Tren Otob\u00fcsten Daha Ucuz ve Daha Konforlu<\/p>\n<p>Demiryolu hatt\u0131 k\u0131y\u0131daki Bar&#8217;dan, \u0130\u015fkodra G\u00f6l\u00fc&#8217;ndeki Virpazar&#8217;dan ge\u00e7erek Podgorica&#8217;ya ve oradan S\u0131rbistan s\u0131n\u0131r\u0131na ve Belgrad&#8217;a kadar uzan\u0131r. \u00dclkenin yar\u0131s\u0131n\u0131 bir g\u00fcnde ve sadece birka\u00e7 avroya ge\u00e7ebilirsiniz. Fiyat\u0131n\u0131n yan\u0131 s\u0131ra, trenle seyahat etmek daha konforludur;otob\u00fcs yolculuklar\u0131n\u0131n ka\u00e7\u0131n\u0131lmaz\u0131 olan, salonu t\u00fct\u00fcn duman\u0131yla dolduran bir \u015fof\u00f6r, y\u00fcksek sesle telefon konu\u015fmalar\u0131 ve \u00f6n\u00fcndeki arabalar\u0131 solama giri\u015fimleri yoktur.<\/p>\n<p>Herhangi Bir Restoran Men\u00fcs\u00fcndeki Neredeyse T\u00fcm Yemekler Ettir<\/p>\n<p>Et madalyonlar\u0131, kuzu g\u00fcve\u00e7, sosisler, f\u00fcme jambon, \u0131zgara kuzu &#8211; Karada\u011f yemeklerinin olmazsa olmaz bile\u015fenleridir. Ye\u015fillik olmadan et yiyemiyorsan\u0131z endi\u015felenmeyin: et porsiyonunuzun neredeyse kesinlikle \u00fczerine ye\u015fillikler serpilecek ve \u015fansl\u0131ysan\u0131z patates, hatta belki so\u011fan bile olacakt\u0131r. Ancak vejetaryenler rahats\u0131z olacak, salata ve ekmekle a\u00e7l\u0131klar\u0131n\u0131 gidermek zorunda kalacaklar.<\/p>\n<p>Y\u00fcr\u00fcy\u00fc\u015flerinizi Organize Edin<\/p>\n<p>Karada\u011f&#8217;da uygun patikalar\u0131, vadileri ve da\u011f zirveleriyle harika y\u00fcr\u00fcy\u00fc\u015f yerleri vard\u0131r. Durmitor Milli Park\u0131 yaz aylar\u0131nda y\u00fcr\u00fcy\u00fc\u015fler i\u00e7in ana yerdir, ancak k\u0131\u015f\u0131n kar ya\u011f\u0131\u015f\u0131 \u00e7o\u011fu patikay\u0131 ge\u00e7ilmez hale getirir. Kola\u0161in \u00e7evresinde ve Lov\u0107en Milli Park\u0131&#8217;nda harika rotalar bulunabilir.<\/p>\n<p>\u00c7e\u015fitlili\u011fin Tad\u0131n\u0131 \u00c7\u0131kar\u0131n<\/p>\n<p>\u00d6zellikle kendi ba\u015f\u0131n\u0131za seyahat etmeyi tercih ediyorsan\u0131z, Karada\u011f&#8217;da her \u015fey var. T\u00fcrk atmosferiyle dolu sakin sahil k\u00f6ylerinde y\u00fcr\u00fcy\u00fc\u015fe \u00e7\u0131k\u0131n veya turistik tesislerde b\u00fct\u00fcn gece dans edin. Yaz\u0131n Durmitor&#8217;un y\u00fckselen zirvelerine t\u0131rman\u0131n ve k\u0131\u015f\u0131n karl\u0131 yama\u00e7larda kayak yap\u0131n. K\u0131rsalda y\u00fcr\u00fcy\u00fc\u015fe \u00e7\u0131k\u0131n, bir da\u011f g\u00f6l\u00fcnde y\u00fcz\u00fcn ve Kotor&#8217;un kale duvarlar\u0131nda y\u00fcr\u00fcyerek adrenalin patlamas\u0131 ya\u015fay\u0131n.<\/p>\n<p>Unutulmaz bir yolculuk sizi bekliyor!<\/p>\n","protected":false},"excerpt":{"rendered":"<p>Do\u011fu Avrupa&#8217;n\u0131n bu b\u00f6lgesinde seyahat etmekle ilgili \u00e7ok az zorluk olsa da, seyahatinizi organize etmenize yard\u0131mc\u0131 olacak birka\u00e7 ipucu a\u015fa\u011f\u0131dad\u0131r. Do\u011fal Manzaralara Daha Fazla Zaman Ay\u0131r\u0131n Karada\u011f, haz\u0131rl\u0131ks\u0131z birini manzaralar\u0131yla etkileyen bir da\u011flar ve vadiler \u00fclkesidir. Ancak uzun s\u00fcre seyahat etti\u011finizde, ister pitoresk bir da\u011f, ister bozulmam\u0131\u015f bir \u015felale ak\u0131nt\u0131s\u0131 veya isterse de h\u0131zl\u0131 akan [&hellip;]<\/p>\n","protected":false},"author":2,"featured_media":1791,"comment_status":"closed","ping_status":"closed","sticky":false,"template":"","format":"standard","meta":{"ngg_post_thumbnail":0,"footnotes":""},"categories":[205],"tags":[209,212,211,210],"class_list":["post-1176","post","type-post","status-publish","format-standard","has-post-thumbnail","hentry","category-news-and-promotions","tag-dorogi","tag-na-mashine","tag-puteshestviya","tag-chernogoriya"],"yoast_head":"<!-- This site is optimized with the Yoast SEO plugin v27.2 - https:\/\/yoast.com\/product\/yoast-seo-wordpress\/ -->\n<title>Karada\u011f&#039;a Kendi Ba\u015f\u0131n\u0131za Seyahat: Bilmeniz Gerekenler<\/title>\n<meta name=\"robots\" content=\"index, follow, max-snippet:-1, max-image-preview:large, max-video-preview:-1\" \/>\n<link rel=\"canonical\" href=\"https:\/\/rentagor.com\/tr\/markup-text-alignment\/\" \/>\n<meta property=\"og:locale\" content=\"tr_TR\" \/>\n<meta property=\"og:locale:alternate\" content=\"ru_RU\" \/>\n<meta property=\"og:locale:alternate\" content=\"en_US\" \/>\n<meta property=\"og:type\" content=\"article\" \/>\n<meta property=\"og:title\" content=\"Karada\u011f&#039;a Kendi Ba\u015f\u0131n\u0131za Seyahat: Bilmeniz Gerekenler\" \/>\n<meta property=\"og:description\" content=\"Do\u011fu Avrupa&#8217;n\u0131n bu b\u00f6lgesinde seyahat etmekle ilgili \u00e7ok az zorluk olsa da, seyahatinizi organize etmenize yard\u0131mc\u0131 olacak birka\u00e7 ipucu a\u015fa\u011f\u0131dad\u0131r. Do\u011fal Manzaralara Daha Fazla Zaman Ay\u0131r\u0131n Karada\u011f, haz\u0131rl\u0131ks\u0131z birini manzaralar\u0131yla etkileyen bir da\u011flar ve vadiler \u00fclkesidir. Ancak uzun s\u00fcre seyahat etti\u011finizde, ister pitoresk bir da\u011f, ister bozulmam\u0131\u015f bir \u015felale ak\u0131nt\u0131s\u0131 veya isterse de h\u0131zl\u0131 akan [&hellip;]\" \/>\n<meta property=\"og:url\" content=\"https:\/\/rentagor.com\/tr\/markup-text-alignment\/\" \/>\n<meta property=\"og:site_name\" content=\"Montenegro ara\u00e7 kiralama\" \/>\n<meta property=\"article:published_time\" content=\"2013-01-09T16:00:39+00:00\" \/>\n<meta property=\"article:modified_time\" content=\"2018-03-10T11:28:52+00:00\" \/>\n<meta property=\"og:image\" content=\"https:\/\/rentagor.com\/wp-content\/uploads\/2018\/02\/imgonline-com-ua-resize-5ijc4k72kwx-800x440-fb48.jpg\" \/>\n\t<meta property=\"og:image:width\" content=\"800\" \/>\n\t<meta property=\"og:image:height\" content=\"440\" \/>\n\t<meta property=\"og:image:type\" content=\"image\/jpeg\" \/>\n<meta name=\"twitter:card\" content=\"summary_large_image\" \/>\n<meta name=\"twitter:label1\" content=\"Yazan:\" \/>\n\t<meta name=\"twitter:data1\" content=\"\" \/>\n\t<meta name=\"twitter:label2\" content=\"Tahmini okuma s\u00fcresi\" \/>\n\t<meta name=\"twitter:data2\" content=\"10 dakika\" \/>\n<script type=\"application\/ld+json\" class=\"yoast-schema-graph\">{\"@context\":\"https:\/\/schema.org\",\"@graph\":[{\"@type\":\"Article\",\"@id\":\"https:\/\/rentagor.com\/ru\/markup-text-alignment\/#article\",\"isPartOf\":{\"@id\":\"https:\/\/rentagor.com\/ru\/markup-text-alignment\/\"},\"author\":{\"name\":\"\",\"@id\":\"\"},\"headline\":\"Karada\u011f&#8217;a Kendi Ba\u015f\u0131n\u0131za Seyahat: Bilmeniz Gerekenler\",\"datePublished\":\"2013-01-09T16:00:39+00:00\",\"dateModified\":\"2018-03-10T11:28:52+00:00\",\"mainEntityOfPage\":{\"@id\":\"https:\/\/rentagor.com\/ru\/markup-text-alignment\/\"},\"wordCount\":2799,\"image\":{\"@id\":\"https:\/\/rentagor.com\/ru\/markup-text-alignment\/#primaryimage\"},\"thumbnailUrl\":\"https:\/\/rentagor.com\/wp-content\/uploads\/2018\/02\/imgonline-com-ua-resize-5ijc4k72kwx-800x440-fb48.jpg\",\"keywords\":[\"\u0434\u043e\u0440\u043e\u0433\u0438\",\"\u043d\u0430 \u043c\u0430\u0448\u0438\u043d\u0435\",\"\u043f\u0443\u0442\u0435\u0448\u0435\u0441\u0442\u0432\u0438\u044f\",\"\u0447\u0435\u0440\u043d\u043e\u0433\u043e\u0440\u0438\u044f\"],\"articleSection\":[\"Karada\u011f Hakk\u0131nda Faydal\u0131 Makaleler\"],\"inLanguage\":\"tr-TR\"},{\"@type\":\"WebPage\",\"@id\":\"https:\/\/rentagor.com\/ru\/markup-text-alignment\/\",\"url\":\"https:\/\/rentagor.com\/ru\/markup-text-alignment\/\",\"name\":\"Karada\u011f'a Kendi Ba\u015f\u0131n\u0131za Seyahat: Bilmeniz Gerekenler\",\"isPartOf\":{\"@id\":\"https:\/\/rentagor.com\/ru\/#website\"},\"primaryImageOfPage\":{\"@id\":\"https:\/\/rentagor.com\/ru\/markup-text-alignment\/#primaryimage\"},\"image\":{\"@id\":\"https:\/\/rentagor.com\/ru\/markup-text-alignment\/#primaryimage\"},\"thumbnailUrl\":\"https:\/\/rentagor.com\/wp-content\/uploads\/2018\/02\/imgonline-com-ua-resize-5ijc4k72kwx-800x440-fb48.jpg\",\"datePublished\":\"2013-01-09T16:00:39+00:00\",\"dateModified\":\"2018-03-10T11:28:52+00:00\",\"author\":{\"@id\":\"\"},\"breadcrumb\":{\"@id\":\"https:\/\/rentagor.com\/ru\/markup-text-alignment\/#breadcrumb\"},\"inLanguage\":\"tr-TR\",\"potentialAction\":[{\"@type\":\"ReadAction\",\"target\":[\"https:\/\/rentagor.com\/ru\/markup-text-alignment\/\"]}]},{\"@type\":\"ImageObject\",\"inLanguage\":\"tr-TR\",\"@id\":\"https:\/\/rentagor.com\/ru\/markup-text-alignment\/#primaryimage\",\"url\":\"https:\/\/rentagor.com\/wp-content\/uploads\/2018\/02\/imgonline-com-ua-resize-5ijc4k72kwx-800x440-fb48.jpg\",\"contentUrl\":\"https:\/\/rentagor.com\/wp-content\/uploads\/2018\/02\/imgonline-com-ua-resize-5ijc4k72kwx-800x440-fb48.jpg\",\"width\":800,\"height\":440},{\"@type\":\"BreadcrumbList\",\"@id\":\"https:\/\/rentagor.com\/ru\/markup-text-alignment\/#breadcrumb\",\"itemListElement\":[{\"@type\":\"ListItem\",\"position\":1,\"name\":\"\u0413\u043b\u0430\u0432\u043d\u0430\u044f \u0441\u0442\u0440\u0430\u043d\u0438\u0446\u0430\",\"item\":\"https:\/\/rentagor.com\/ru\/\"},{\"@type\":\"ListItem\",\"position\":2,\"name\":\"\u041f\u043e\u0435\u0437\u0434\u043a\u0430 \u0432 \u0427\u0435\u0440\u043d\u043e\u0433\u043e\u0440\u0438\u044e \u0441\u0430\u043c\u043e\u0441\u0442\u043e\u044f\u0442\u0435\u043b\u044c\u043d\u043e: \u0447\u0442\u043e \u043d\u0443\u0436\u043d\u043e \u0437\u043d\u0430\u0442\u044c\"}]},{\"@type\":\"WebSite\",\"@id\":\"https:\/\/rentagor.com\/ru\/#website\",\"url\":\"https:\/\/rentagor.com\/ru\/\",\"name\":\"Montenegro ara\u00e7 kiralama\",\"description\":\"\u015eirketimiz Montenegroda kaliteli araba kiralama hizmeti vermektedir.\",\"potentialAction\":[{\"@type\":\"SearchAction\",\"target\":{\"@type\":\"EntryPoint\",\"urlTemplate\":\"https:\/\/rentagor.com\/ru\/?s={search_term_string}\"},\"query-input\":{\"@type\":\"PropertyValueSpecification\",\"valueRequired\":true,\"valueName\":\"search_term_string\"}}],\"inLanguage\":\"tr-TR\"},{\"@type\":\"Person\",\"@id\":\"\",\"url\":\"https:\/\/rentagor.com\/tr\/author\/\"}]}<\/script>\n<!-- \/ Yoast SEO plugin. -->","yoast_head_json":{"title":"Karada\u011f'a Kendi Ba\u015f\u0131n\u0131za Seyahat: Bilmeniz Gerekenler","robots":{"index":"index","follow":"follow","max-snippet":"max-snippet:-1","max-image-preview":"max-image-preview:large","max-video-preview":"max-video-preview:-1"},"canonical":"https:\/\/rentagor.com\/tr\/markup-text-alignment\/","og_locale":"tr_TR","og_type":"article","og_title":"[:ru]\u041f\u043e\u0435\u0437\u0434\u043a\u0430 \u0432 \u0427\u0435\u0440\u043d\u043e\u0433\u043e\u0440\u0438\u044e \u0441\u0430\u043c\u043e\u0441\u0442\u043e\u044f\u0442\u0435\u043b\u044c\u043d\u043e: \u0447\u0442\u043e \u043d\u0443\u0436\u043d\u043e \u0437\u043d\u0430\u0442\u044c[:en]A trip to Montenegro yourself: what you need to know[:tr]Karada\u011f'a Kendi Ba\u015f\u0131n\u0131za Seyahat: Bilmeniz Gerekenler[:] - Montenegro ara\u00e7 kiralama","og_description":"Do\u011fu Avrupa&#8217;n\u0131n bu b\u00f6lgesinde seyahat etmekle ilgili \u00e7ok az zorluk olsa da, seyahatinizi organize etmenize yard\u0131mc\u0131 olacak birka\u00e7 ipucu a\u015fa\u011f\u0131dad\u0131r. Do\u011fal Manzaralara Daha Fazla Zaman Ay\u0131r\u0131n Karada\u011f, haz\u0131rl\u0131ks\u0131z birini manzaralar\u0131yla etkileyen bir da\u011flar ve vadiler \u00fclkesidir. Ancak uzun s\u00fcre seyahat etti\u011finizde, ister pitoresk bir da\u011f, ister bozulmam\u0131\u015f bir \u015felale ak\u0131nt\u0131s\u0131 veya isterse de h\u0131zl\u0131 akan [&hellip;]","og_url":"https:\/\/rentagor.com\/tr\/markup-text-alignment\/","og_site_name":"Montenegro ara\u00e7 kiralama","article_published_time":"2013-01-09T16:00:39+00:00","article_modified_time":"2018-03-10T11:28:52+00:00","og_image":[{"width":800,"height":440,"url":"https:\/\/rentagor.com\/wp-content\/uploads\/2018\/02\/imgonline-com-ua-resize-5ijc4k72kwx-800x440-fb48.jpg","type":"image\/jpeg"}],"twitter_card":"summary_large_image","twitter_misc":{"Yazan:":"","Tahmini okuma s\u00fcresi":"10 dakika"},"schema":{"@context":"https:\/\/schema.org","@graph":[{"@type":"Article","@id":"https:\/\/rentagor.com\/ru\/markup-text-alignment\/#article","isPartOf":{"@id":"https:\/\/rentagor.com\/ru\/markup-text-alignment\/"},"author":{"name":"","@id":""},"headline":"Karada\u011f&#8217;a Kendi Ba\u015f\u0131n\u0131za Seyahat: Bilmeniz Gerekenler","datePublished":"2013-01-09T16:00:39+00:00","dateModified":"2018-03-10T11:28:52+00:00","mainEntityOfPage":{"@id":"https:\/\/rentagor.com\/ru\/markup-text-alignment\/"},"wordCount":2799,"image":{"@id":"https:\/\/rentagor.com\/ru\/markup-text-alignment\/#primaryimage"},"thumbnailUrl":"https:\/\/rentagor.com\/wp-content\/uploads\/2018\/02\/imgonline-com-ua-resize-5ijc4k72kwx-800x440-fb48.jpg","keywords":["\u0434\u043e\u0440\u043e\u0433\u0438","\u043d\u0430 \u043c\u0430\u0448\u0438\u043d\u0435","\u043f\u0443\u0442\u0435\u0448\u0435\u0441\u0442\u0432\u0438\u044f","\u0447\u0435\u0440\u043d\u043e\u0433\u043e\u0440\u0438\u044f"],"articleSection":["Karada\u011f Hakk\u0131nda Faydal\u0131 Makaleler"],"inLanguage":"tr-TR"},{"@type":"WebPage","@id":"https:\/\/rentagor.com\/ru\/markup-text-alignment\/","url":"https:\/\/rentagor.com\/ru\/markup-text-alignment\/","name":"Karada\u011f'a Kendi Ba\u015f\u0131n\u0131za Seyahat: Bilmeniz Gerekenler","isPartOf":{"@id":"https:\/\/rentagor.com\/ru\/#website"},"primaryImageOfPage":{"@id":"https:\/\/rentagor.com\/ru\/markup-text-alignment\/#primaryimage"},"image":{"@id":"https:\/\/rentagor.com\/ru\/markup-text-alignment\/#primaryimage"},"thumbnailUrl":"https:\/\/rentagor.com\/wp-content\/uploads\/2018\/02\/imgonline-com-ua-resize-5ijc4k72kwx-800x440-fb48.jpg","datePublished":"2013-01-09T16:00:39+00:00","dateModified":"2018-03-10T11:28:52+00:00","author":{"@id":""},"breadcrumb":{"@id":"https:\/\/rentagor.com\/ru\/markup-text-alignment\/#breadcrumb"},"inLanguage":"tr-TR","potentialAction":[{"@type":"ReadAction","target":["https:\/\/rentagor.com\/ru\/markup-text-alignment\/"]}]},{"@type":"ImageObject","inLanguage":"tr-TR","@id":"https:\/\/rentagor.com\/ru\/markup-text-alignment\/#primaryimage","url":"https:\/\/rentagor.com\/wp-content\/uploads\/2018\/02\/imgonline-com-ua-resize-5ijc4k72kwx-800x440-fb48.jpg","contentUrl":"https:\/\/rentagor.com\/wp-content\/uploads\/2018\/02\/imgonline-com-ua-resize-5ijc4k72kwx-800x440-fb48.jpg","width":800,"height":440},{"@type":"BreadcrumbList","@id":"https:\/\/rentagor.com\/ru\/markup-text-alignment\/#breadcrumb","itemListElement":[{"@type":"ListItem","position":1,"name":"\u0413\u043b\u0430\u0432\u043d\u0430\u044f \u0441\u0442\u0440\u0430\u043d\u0438\u0446\u0430","item":"https:\/\/rentagor.com\/ru\/"},{"@type":"ListItem","position":2,"name":"\u041f\u043e\u0435\u0437\u0434\u043a\u0430 \u0432 \u0427\u0435\u0440\u043d\u043e\u0433\u043e\u0440\u0438\u044e \u0441\u0430\u043c\u043e\u0441\u0442\u043e\u044f\u0442\u0435\u043b\u044c\u043d\u043e: \u0447\u0442\u043e \u043d\u0443\u0436\u043d\u043e \u0437\u043d\u0430\u0442\u044c"}]},{"@type":"WebSite","@id":"https:\/\/rentagor.com\/ru\/#website","url":"https:\/\/rentagor.com\/ru\/","name":"Montenegro ara\u00e7 kiralama","description":"\u015eirketimiz Montenegroda kaliteli araba kiralama hizmeti vermektedir.","potentialAction":[{"@type":"SearchAction","target":{"@type":"EntryPoint","urlTemplate":"https:\/\/rentagor.com\/ru\/?s={search_term_string}"},"query-input":{"@type":"PropertyValueSpecification","valueRequired":true,"valueName":"search_term_string"}}],"inLanguage":"tr-TR"},{"@type":"Person","@id":"","url":"https:\/\/rentagor.com\/tr\/author\/"}]}},"_links":{"self":[{"href":"https:\/\/rentagor.com\/tr\/wp-json\/wp\/v2\/posts\/1176","targetHints":{"allow":["GET"]}}],"collection":[{"href":"https:\/\/rentagor.com\/tr\/wp-json\/wp\/v2\/posts"}],"about":[{"href":"https:\/\/rentagor.com\/tr\/wp-json\/wp\/v2\/types\/post"}],"author":[{"embeddable":true,"href":"https:\/\/rentagor.com\/tr\/wp-json\/wp\/v2\/users\/2"}],"replies":[{"embeddable":true,"href":"https:\/\/rentagor.com\/tr\/wp-json\/wp\/v2\/comments?post=1176"}],"version-history":[{"count":7,"href":"https:\/\/rentagor.com\/tr\/wp-json\/wp\/v2\/posts\/1176\/revisions"}],"predecessor-version":[{"id":2340,"href":"https:\/\/rentagor.com\/tr\/wp-json\/wp\/v2\/posts\/1176\/revisions\/2340"}],"wp:featuredmedia":[{"embeddable":true,"href":"https:\/\/rentagor.com\/tr\/wp-json\/wp\/v2\/media\/1791"}],"wp:attachment":[{"href":"https:\/\/rentagor.com\/tr\/wp-json\/wp\/v2\/media?parent=1176"}],"wp:term":[{"taxonomy":"category","embeddable":true,"href":"https:\/\/rentagor.com\/tr\/wp-json\/wp\/v2\/categories?post=1176"},{"taxonomy":"post_tag","embeddable":true,"href":"https:\/\/rentagor.com\/tr\/wp-json\/wp\/v2\/tags?post=1176"}],"curies":[{"name":"wp","href":"https:\/\/api.w.org\/{rel}","templated":true}]}}