{"id":1177,"date":"2013-01-10T20:15:40","date_gmt":"2013-01-11T03:15:40","guid":{"rendered":"http:\/\/wptest.io\/demo\/?p=903"},"modified":"2018-03-29T23:37:36","modified_gmt":"2018-03-29T20:37:36","slug":"markup-image-alignment","status":"publish","type":"post","link":"https:\/\/rentagor.com\/tr\/markup-image-alignment\/","title":{"rendered":"Karada\u011f&#8217;da Arabayla \u0130\u015fkodra G\u00f6l\u00fc&#8217;ne Nas\u0131l Gidilir"},"content":{"rendered":"<p class=\"p2\">Araba kiralama imkan\u0131n\u0131z varsa, \u0130\u015fkodra G\u00f6l\u00fc Milli Park\u0131&#8217;na gitmenin en kolay yolu budur, ancak Karada\u011f yollar\u0131ndaki trafik e\u011flenceli bir maceraya d\u00f6n\u00fc\u015febilir. En pop\u00fcler tatil beldesinden Virpazar&#8217;daki milli park giri\u015fine yakla\u015f\u0131k mesafeler ve s\u00fcr\u00fc\u015f s\u00fcreleri \u015funlard\u0131r:<\/p>\n<p class=\"p2\">Virpazar \u2013 Podgorica \u2013 29 km \u2013 30-35 dakika<\/p>\n<p class=\"p2\">Virpazar \u2013 Budva \u2013 42 km \u2013 50-60 dakika<\/p>\n<p class=\"p2\">Virpazar \u2013 Kotor \u2013 65 km \u2013 1 saat 15 dakika<\/p>\n<p class=\"p2\">Virpazar \u2013 Bar \u2013 24 km \u2013 30 dakika<\/p>\n<p class=\"p2\">Virpazar \u2013 Ulcinj \u2013 50 km \u2013 1 saat<\/p>\n<p class=\"p2\">Park yeri giri\u015fe birka\u00e7 dakikal\u0131k y\u00fcr\u00fcme mesafesindedir.<\/p>\n<p class=\"p2\">\u0130\u00e7inizde bir macera arzusu mu var? Dar, virajl\u0131 ve koruyucu bariyerleri olmayan dik yollar\u0131n \u00fcstesinden gelebilece\u011finize emin misiniz? Y\u00fckseklikten korkmuyor musunuz? \u00dc\u00e7 soruya da &#8220;evet&#8221; yan\u0131t\u0131 verdiyseniz, \u0130\u015fkodra G\u00f6l\u00fc \u00e7evresindeki geziye bay\u0131lacaks\u0131n\u0131z. Podgorica&#8217;dan ba\u015flayan bu gezi 157 km uzunlu\u011fundad\u0131r, ancak t\u00fcm mesafeyi kat etmek en az d\u00f6rt saatinizi alacakt\u0131r.<\/p>\n<p class=\"p2\"><b>S\u0131n\u0131r \u00d6tesi<\/b><\/p>\n<p class=\"p2\">Virpazar&#8217;dan yol, \u0130\u015fkodra G\u00f6l\u00fc&#8217;n\u00fcn bat\u0131 k\u0131y\u0131s\u0131 boyunca Muri\u0107i&#8217;ye kadar devam eder ve ard\u0131ndan Sukobin (Arnavutluk taraf\u0131nda \u2013 Murikan k\u00f6y\u00fc) yerle\u015fim yerindeki s\u0131n\u0131r kontrol noktas\u0131na iner, burada Karada\u011f-Arnavutluk s\u0131n\u0131r\u0131n\u0131 ge\u00e7erek \u0130\u015fkodra&#8217;ya do\u011fru yol al\u0131rs\u0131n\u0131z. Burada toplu ta\u015f\u0131ma yoktur, bu nedenle \u00f6nceden araba kiralamay\u0131 ayarlay\u0131n. Buna de\u011fer: yol boyunca inan\u0131lmaz \u00e7e\u015fitlilikte manzaralar, karl\u0131 Arnavutluk Alpleri&#8217;nin fonunda g\u00f6l\u00fcn nefes kesen manzaras\u0131, yaln\u0131z adalar, pitoresk kiliseler, manast\u0131rlar ve camiler, k\u00fc\u00e7\u00fck k\u00f6yler ve son olarak canl\u0131 turistik yerleriyle \u0130\u015fkodra sizi bekliyor.<\/p>\n<p class=\"p2\">K\u0131y\u0131 boyunca y\u00fckselirken, g\u00f6lde uzaktan Osmanl\u0131 \u0130mparatorlu\u011fu d\u00f6neminde hapishane olarak kullan\u0131lan ve \u015fimdi sadece karabataklar ve mart\u0131larla dolu olan minik Grmo\u017eur adas\u0131 g\u00f6r\u00fclebilir.<\/p>\n<p class=\"p2\">Daha sonra, kal\u0131n duvarl\u0131 ve kemerli giri\u015flere sahip eski ta\u015f evlerin bir araya geldi\u011fi tarihi Godinje yerle\u015fiminden ge\u00e7eceksiniz. Yol daral\u0131r ve dikle\u015fir, kar\u015f\u0131 taraftaki g\u00f6l\u00fcn, k\u00fc\u00e7\u00fck adac\u0131klar\u0131n ve Arnavutluk Alpleri&#8217;nin muhte\u015fem manzaralar\u0131n\u0131 sunar.<\/p>\n<p class=\"p2\"><b>\u0130\u015fkodra G\u00f6l\u00fc Boyunca Yol<\/b><\/p>\n<p class=\"p2\">Yolculu\u011funuza devam ederken, k\u0131y\u0131da Arnavutlar\u0131n ya\u015fad\u0131\u011f\u0131 birka\u00e7 k\u00f6y ke\u015ffedeceksiniz \u2013 M\u00fcsl\u00fcman ve Katolik. Donji Sestan k\u00f6y\u00fcnde \u00e7ok g\u00fczel eski bir \u00e7an kulesi ve y\u0131k\u0131lan\u0131n yerine in\u015fa edilmi\u015f bir Katolik kilisesi bulunmaktad\u0131r. Yolun solundan a\u015fa\u011f\u0131ya do\u011fru Karani\u0107i i\u015faretini takip edin: buras\u0131 harika bir yer!<\/p>\n<p class=\"p2\">1377&#8217;de kurulan Star\u010devo Manast\u0131r\u0131, Djuravci Nehri k\u0131y\u0131s\u0131na yak\u0131n Star\u010deva Gorica adas\u0131nda yer almaktad\u0131r. Yoldan, uzun selvi a\u011fa\u00e7lar\u0131n\u0131n g\u00f6lgesindeki k\u00fc\u00e7\u00fck kilisenin eski bir ta\u015f duvarla \u00e7evrili g\u00fczel bir manzaras\u0131 g\u00f6r\u00fclmektedir.<\/p>\n<p class=\"p2\">G\u00fcneyde ilerledik\u00e7e, manzara daha vah\u015fi ve \u0131ss\u0131z hale gelir. Etrafta sadece ta\u015flar ve \u00e7al\u0131l\u0131klar var, bazen yol kenar\u0131nda yaln\u0131z bir a\u011fa\u00e7 g\u00f6r\u00fclebilir. Ancak sol tarafta derinlerde, devasa zeytinliklerin aras\u0131nda Donji Muri\u0107i k\u00f6y\u00fcn\u00fc ke\u015ffettik. Bu k\u00f6yde, sadece sezonda \u2013 May\u0131s&#8217;tan Eyl\u00fcl&#8217;e kadar a\u00e7\u0131k olan bir turistik yerle\u015fim ve otelin bulundu\u011fu \u00e7ak\u0131ll\u0131 bir plaj bulunmaktad\u0131r. Burada tekne kiralay\u0131p 14. y\u00fczy\u0131ldan kalma g\u00fczel manast\u0131r\u0131 ile Beska adas\u0131n\u0131 g\u00f6rebilirsiniz.<\/p>\n<p class=\"p2\">\u0130\u00e7 kesimlerde manzara tekrar de\u011fi\u015fir, daha fazla i\u015flenmi\u015f arazi ortaya \u00e7\u0131kar. Kestane ormanlar\u0131, me\u015fe a\u011fa\u00e7lar\u0131 ve eski mezarl\u0131klar, insanlar\u0131n hala topra\u011f\u0131 geleneksel y\u00f6ntemlerle i\u015fledi\u011fi bu b\u00f6lgenin karakteristik g\u00f6r\u00fcn\u00fcm\u00fcd\u00fcr. Buran\u0131n iklimi t\u00fct\u00fcn yeti\u015ftirmek i\u00e7in de uygundur.<\/p>\n<p class=\"p2\"><b>\u0130\u015fkodra&#8217;ya Giderken<\/b><\/p>\n<p class=\"p2\">Kostanjica k\u00f6y\u00fc ad\u0131n\u0131 iki geni\u015f kestane orman\u0131ndan (&#8220;kesten&#8221;) alm\u0131\u015ft\u0131r. Yolun \u00fczerinde as\u0131l\u0131 duran y\u00fczy\u0131ll\u0131k a\u011fa\u00e7larla bu b\u00f6lgenin mistik atmosferine hayran kalacaks\u0131n\u0131z. Devasa a\u011fa\u00e7lar g\u00fcne\u015f \u0131\u015f\u0131\u011f\u0131n\u0131 tamamen engellemektedir.<\/p>\n<p class=\"p2\">Ostro k\u00f6y\u00fcnden ge\u00e7erek yolculu\u011funuza devam etti\u011finizde, Stegvos ge\u00e7idine ula\u015f\u0131rs\u0131n\u0131z ve ard\u0131ndan s\u0131n\u0131ra giden ana yola \u00e7\u0131kt\u0131\u011f\u0131n\u0131z Vladimir&#8217;e inersiniz. \u00d6zenle i\u015flenmi\u015f tarlalar\u0131n aras\u0131ndan ge\u00e7erek, Buna Nehri \u00fczerindeki yeni k\u00f6pr\u00fcy\u00fc ge\u00e7tikten sonra nihayet \u0130\u015fkodra&#8217;ya ula\u015f\u0131rs\u0131n\u0131z.<\/p>\n<p class=\"p2\">\u0130\u015fkodra, en az\u0131ndan tarihi merkezi bile g\u00f6r\u00fclmeye de\u011ferdir. Yaya caddesi &#8220;Sheshi&#8221; veya &#8220;Pjaca&#8221; geleneksel tarz\u0131n\u0131 korumu\u015ftur: burada bir\u00e7ok pub, ma\u011faza ve a\u00e7\u0131k hava teras\u0131 bulunmaktad\u0131r. G\u00f6lgeli bir bah\u00e7esi olan bir pizzac\u0131da 5 avrodan daha ucuza pizza alabilirsiniz, ancak pop\u00fcler Vila Bektashi restoran\u0131ndaki fiyatlar \u00e7ok daha y\u00fcksek de\u011fildir.<\/p>\n<p class=\"p2\">\u015eehirde g\u00f6r\u00fclecek \u00e7ok \u015fey var: b\u00fcy\u00fck bir cami, bir Katolik katedrali, Rahibe Teresa an\u0131t\u0131, Marubi M\u00fczesi ve kom\u00fcnistlerin h\u00fck\u00fcm s\u00fcrd\u00fc\u011f\u00fc zamanlar\u0131 hat\u0131rlatan Enver Hoca M\u00fczesi. \u0130\u015fkodra&#8217;dan Koplik vadisinden ge\u00e7erek, s\u0131n\u0131r\u0131 ge\u00e7erek ve harika bir g\u00fcn\u00fcn ard\u0131ndan Podgorica&#8217;ya d\u00f6nmek kolayd\u0131r.<\/p>\n","protected":false},"excerpt":{"rendered":"<p>Araba kiralama imkan\u0131n\u0131z varsa, \u0130\u015fkodra G\u00f6l\u00fc Milli Park\u0131&#8217;na gitmenin en kolay yolu budur, ancak Karada\u011f yollar\u0131ndaki trafik e\u011flenceli bir maceraya d\u00f6n\u00fc\u015febilir. En pop\u00fcler tatil beldesinden Virpazar&#8217;daki milli park giri\u015fine yakla\u015f\u0131k mesafeler ve s\u00fcr\u00fc\u015f s\u00fcreleri \u015funlard\u0131r: Virpazar \u2013 Podgorica \u2013 29 km \u2013 30-35 dakika Virpazar \u2013 Budva \u2013 42 km \u2013 50-60 dakika Virpazar \u2013 [&hellip;]<\/p>\n","protected":false},"author":1,"featured_media":2688,"comment_status":"closed","ping_status":"closed","sticky":false,"template":"","format":"standard","meta":{"ngg_post_thumbnail":0,"footnotes":""},"categories":[205],"tags":[209,212,211,217,210],"class_list":["post-1177","post","type-post","status-publish","format-standard","has-post-thumbnail","hentry","category-news-and-promotions","tag-dorogi","tag-na-mashine","tag-puteshestviya","tag-skadarskoe-ozero","tag-chernogoriya"],"yoast_head":"<!-- This site is optimized with the Yoast SEO plugin v27.2 - https:\/\/yoast.com\/product\/yoast-seo-wordpress\/ -->\n<title>Karada\u011f&#039;da Arabayla \u0130\u015fkodra G\u00f6l\u00fc&#039;ne Nas\u0131l Gidilir<\/title>\n<meta name=\"robots\" content=\"index, follow, max-snippet:-1, max-image-preview:large, max-video-preview:-1\" \/>\n<link rel=\"canonical\" href=\"https:\/\/rentagor.com\/tr\/markup-image-alignment\/\" \/>\n<meta property=\"og:locale\" content=\"tr_TR\" \/>\n<meta property=\"og:locale:alternate\" content=\"ru_RU\" \/>\n<meta property=\"og:locale:alternate\" content=\"en_US\" \/>\n<meta property=\"og:type\" content=\"article\" \/>\n<meta property=\"og:title\" content=\"Karada\u011f&#039;da Arabayla \u0130\u015fkodra G\u00f6l\u00fc&#039;ne Nas\u0131l Gidilir\" \/>\n<meta property=\"og:description\" content=\"Araba kiralama imkan\u0131n\u0131z varsa, \u0130\u015fkodra G\u00f6l\u00fc Milli Park\u0131&#8217;na gitmenin en kolay yolu budur, ancak Karada\u011f yollar\u0131ndaki trafik e\u011flenceli bir maceraya d\u00f6n\u00fc\u015febilir. En pop\u00fcler tatil beldesinden Virpazar&#8217;daki milli park giri\u015fine yakla\u015f\u0131k mesafeler ve s\u00fcr\u00fc\u015f s\u00fcreleri \u015funlard\u0131r: Virpazar \u2013 Podgorica \u2013 29 km \u2013 30-35 dakika Virpazar \u2013 Budva \u2013 42 km \u2013 50-60 dakika Virpazar \u2013 [&hellip;]\" \/>\n<meta property=\"og:url\" content=\"https:\/\/rentagor.com\/tr\/markup-image-alignment\/\" \/>\n<meta property=\"og:site_name\" content=\"Montenegro ara\u00e7 kiralama\" \/>\n<meta property=\"article:published_time\" content=\"2013-01-11T03:15:40+00:00\" \/>\n<meta property=\"article:modified_time\" content=\"2018-03-29T20:37:36+00:00\" \/>\n<meta property=\"og:image\" content=\"https:\/\/rentagor.com\/wp-content\/uploads\/2013\/01\/e56vcg14gww.jpg\" \/>\n\t<meta property=\"og:image:width\" content=\"800\" \/>\n\t<meta property=\"og:image:height\" content=\"428\" \/>\n\t<meta property=\"og:image:type\" content=\"image\/jpeg\" \/>\n<meta name=\"author\" content=\"admin\" \/>\n<meta name=\"twitter:card\" content=\"summary_large_image\" \/>\n<meta name=\"twitter:label1\" content=\"Yazan:\" \/>\n\t<meta name=\"twitter:data1\" content=\"admin\" \/>\n\t<meta name=\"twitter:label2\" content=\"Tahmini okuma s\u00fcresi\" \/>\n\t<meta name=\"twitter:data2\" content=\"8 dakika\" \/>\n<script type=\"application\/ld+json\" class=\"yoast-schema-graph\">{\"@context\":\"https:\/\/schema.org\",\"@graph\":[{\"@type\":\"Article\",\"@id\":\"https:\/\/rentagor.com\/ru\/markup-image-alignment\/#article\",\"isPartOf\":{\"@id\":\"https:\/\/rentagor.com\/ru\/markup-image-alignment\/\"},\"author\":{\"name\":\"admin\",\"@id\":\"https:\/\/rentagor.com\/ru\/#\/schema\/person\/f47c048c55b1a484872db4bb045ba788\"},\"headline\":\"Karada\u011f&#8217;da Arabayla \u0130\u015fkodra G\u00f6l\u00fc&#8217;ne Nas\u0131l Gidilir\",\"datePublished\":\"2013-01-11T03:15:40+00:00\",\"dateModified\":\"2018-03-29T20:37:36+00:00\",\"mainEntityOfPage\":{\"@id\":\"https:\/\/rentagor.com\/ru\/markup-image-alignment\/\"},\"wordCount\":2366,\"image\":{\"@id\":\"https:\/\/rentagor.com\/ru\/markup-image-alignment\/#primaryimage\"},\"thumbnailUrl\":\"https:\/\/rentagor.com\/wp-content\/uploads\/2013\/01\/e56vcg14gww.jpg\",\"keywords\":[\"\u0434\u043e\u0440\u043e\u0433\u0438\",\"\u043d\u0430 \u043c\u0430\u0448\u0438\u043d\u0435\",\"\u043f\u0443\u0442\u0435\u0448\u0435\u0441\u0442\u0432\u0438\u044f\",\"\u0441\u043a\u0430\u0434\u0430\u0440\u0441\u043a\u043e\u0435 \u043e\u0437\u0435\u0440\u043e\",\"\u0447\u0435\u0440\u043d\u043e\u0433\u043e\u0440\u0438\u044f\"],\"articleSection\":[\"Karada\u011f Hakk\u0131nda Faydal\u0131 Makaleler\"],\"inLanguage\":\"tr-TR\"},{\"@type\":\"WebPage\",\"@id\":\"https:\/\/rentagor.com\/ru\/markup-image-alignment\/\",\"url\":\"https:\/\/rentagor.com\/ru\/markup-image-alignment\/\",\"name\":\"Karada\u011f'da Arabayla \u0130\u015fkodra G\u00f6l\u00fc'ne Nas\u0131l Gidilir\",\"isPartOf\":{\"@id\":\"https:\/\/rentagor.com\/ru\/#website\"},\"primaryImageOfPage\":{\"@id\":\"https:\/\/rentagor.com\/ru\/markup-image-alignment\/#primaryimage\"},\"image\":{\"@id\":\"https:\/\/rentagor.com\/ru\/markup-image-alignment\/#primaryimage\"},\"thumbnailUrl\":\"https:\/\/rentagor.com\/wp-content\/uploads\/2013\/01\/e56vcg14gww.jpg\",\"datePublished\":\"2013-01-11T03:15:40+00:00\",\"dateModified\":\"2018-03-29T20:37:36+00:00\",\"author\":{\"@id\":\"https:\/\/rentagor.com\/ru\/#\/schema\/person\/f47c048c55b1a484872db4bb045ba788\"},\"breadcrumb\":{\"@id\":\"https:\/\/rentagor.com\/ru\/markup-image-alignment\/#breadcrumb\"},\"inLanguage\":\"tr-TR\",\"potentialAction\":[{\"@type\":\"ReadAction\",\"target\":[\"https:\/\/rentagor.com\/ru\/markup-image-alignment\/\"]}]},{\"@type\":\"ImageObject\",\"inLanguage\":\"tr-TR\",\"@id\":\"https:\/\/rentagor.com\/ru\/markup-image-alignment\/#primaryimage\",\"url\":\"https:\/\/rentagor.com\/wp-content\/uploads\/2013\/01\/e56vcg14gww.jpg\",\"contentUrl\":\"https:\/\/rentagor.com\/wp-content\/uploads\/2013\/01\/e56vcg14gww.jpg\",\"width\":800,\"height\":428},{\"@type\":\"BreadcrumbList\",\"@id\":\"https:\/\/rentagor.com\/ru\/markup-image-alignment\/#breadcrumb\",\"itemListElement\":[{\"@type\":\"ListItem\",\"position\":1,\"name\":\"\u0413\u043b\u0430\u0432\u043d\u0430\u044f \u0441\u0442\u0440\u0430\u043d\u0438\u0446\u0430\",\"item\":\"https:\/\/rentagor.com\/ru\/\"},{\"@type\":\"ListItem\",\"position\":2,\"name\":\"\u041a\u0430\u043a \u0434\u043e\u0431\u0440\u0430\u0442\u044c\u0441\u044f \u0434\u043e \u0421\u043a\u0430\u0434\u0430\u0440\u0441\u043a\u043e\u0433\u043e \u043e\u0437\u0435\u0440\u0430 \u0432 \u0427\u0435\u0440\u043d\u043e\u0433\u043e\u0440\u0438\u0438 \u043d\u0430 \u043c\u0430\u0448\u0438\u043d\u0435\"}]},{\"@type\":\"WebSite\",\"@id\":\"https:\/\/rentagor.com\/ru\/#website\",\"url\":\"https:\/\/rentagor.com\/ru\/\",\"name\":\"Montenegro ara\u00e7 kiralama\",\"description\":\"\u015eirketimiz Montenegroda kaliteli araba kiralama hizmeti vermektedir.\",\"potentialAction\":[{\"@type\":\"SearchAction\",\"target\":{\"@type\":\"EntryPoint\",\"urlTemplate\":\"https:\/\/rentagor.com\/ru\/?s={search_term_string}\"},\"query-input\":{\"@type\":\"PropertyValueSpecification\",\"valueRequired\":true,\"valueName\":\"search_term_string\"}}],\"inLanguage\":\"tr-TR\"},{\"@type\":\"Person\",\"@id\":\"https:\/\/rentagor.com\/ru\/#\/schema\/person\/f47c048c55b1a484872db4bb045ba788\",\"name\":\"admin\",\"image\":{\"@type\":\"ImageObject\",\"inLanguage\":\"tr-TR\",\"@id\":\"https:\/\/rentagor.com\/wp-content\/litespeed\/avatar\/ad155aac620ba06b9f7a5d49499a67f1.jpg?ver=1777402667\",\"url\":\"https:\/\/rentagor.com\/wp-content\/litespeed\/avatar\/ad155aac620ba06b9f7a5d49499a67f1.jpg?ver=1777402667\",\"contentUrl\":\"https:\/\/rentagor.com\/wp-content\/litespeed\/avatar\/ad155aac620ba06b9f7a5d49499a67f1.jpg?ver=1777402667\",\"caption\":\"admin\"},\"sameAs\":[\"http:\/\/localhost\",\"https:\/\/www.instagram.com\/rentagor?igsh=MThzODNyM2Z0Y3MzZw&utm_source=qr\"],\"url\":\"https:\/\/rentagor.com\/tr\/author\/admin\/\"}]}<\/script>\n<!-- \/ Yoast SEO plugin. -->","yoast_head_json":{"title":"Karada\u011f'da Arabayla \u0130\u015fkodra G\u00f6l\u00fc'ne Nas\u0131l Gidilir","robots":{"index":"index","follow":"follow","max-snippet":"max-snippet:-1","max-image-preview":"max-image-preview:large","max-video-preview":"max-video-preview:-1"},"canonical":"https:\/\/rentagor.com\/tr\/markup-image-alignment\/","og_locale":"tr_TR","og_type":"article","og_title":"[:ru]\u041a\u0430\u043a \u0434\u043e\u0431\u0440\u0430\u0442\u044c\u0441\u044f \u0434\u043e \u0421\u043a\u0430\u0434\u0430\u0440\u0441\u043a\u043e\u0433\u043e \u043e\u0437\u0435\u0440\u0430 \u0432 \u0427\u0435\u0440\u043d\u043e\u0433\u043e\u0440\u0438\u0438 \u043d\u0430 \u043c\u0430\u0448\u0438\u043d\u0435[:en]How to get to Skadar Lake in Montenegro by car[:tr]Karada\u011f'da Arabayla \u0130\u015fkodra G\u00f6l\u00fc'ne Nas\u0131l Gidilir[:]  - Montenegro ara\u00e7 kiralama","og_description":"Araba kiralama imkan\u0131n\u0131z varsa, \u0130\u015fkodra G\u00f6l\u00fc Milli Park\u0131&#8217;na gitmenin en kolay yolu budur, ancak Karada\u011f yollar\u0131ndaki trafik e\u011flenceli bir maceraya d\u00f6n\u00fc\u015febilir. En pop\u00fcler tatil beldesinden Virpazar&#8217;daki milli park giri\u015fine yakla\u015f\u0131k mesafeler ve s\u00fcr\u00fc\u015f s\u00fcreleri \u015funlard\u0131r: Virpazar \u2013 Podgorica \u2013 29 km \u2013 30-35 dakika Virpazar \u2013 Budva \u2013 42 km \u2013 50-60 dakika Virpazar \u2013 [&hellip;]","og_url":"https:\/\/rentagor.com\/tr\/markup-image-alignment\/","og_site_name":"Montenegro ara\u00e7 kiralama","article_published_time":"2013-01-11T03:15:40+00:00","article_modified_time":"2018-03-29T20:37:36+00:00","og_image":[{"width":800,"height":428,"url":"https:\/\/rentagor.com\/wp-content\/uploads\/2013\/01\/e56vcg14gww.jpg","type":"image\/jpeg"}],"author":"admin","twitter_card":"summary_large_image","twitter_misc":{"Yazan:":"admin","Tahmini okuma s\u00fcresi":"8 dakika"},"schema":{"@context":"https:\/\/schema.org","@graph":[{"@type":"Article","@id":"https:\/\/rentagor.com\/ru\/markup-image-alignment\/#article","isPartOf":{"@id":"https:\/\/rentagor.com\/ru\/markup-image-alignment\/"},"author":{"name":"admin","@id":"https:\/\/rentagor.com\/ru\/#\/schema\/person\/f47c048c55b1a484872db4bb045ba788"},"headline":"Karada\u011f&#8217;da Arabayla \u0130\u015fkodra G\u00f6l\u00fc&#8217;ne Nas\u0131l Gidilir","datePublished":"2013-01-11T03:15:40+00:00","dateModified":"2018-03-29T20:37:36+00:00","mainEntityOfPage":{"@id":"https:\/\/rentagor.com\/ru\/markup-image-alignment\/"},"wordCount":2366,"image":{"@id":"https:\/\/rentagor.com\/ru\/markup-image-alignment\/#primaryimage"},"thumbnailUrl":"https:\/\/rentagor.com\/wp-content\/uploads\/2013\/01\/e56vcg14gww.jpg","keywords":["\u0434\u043e\u0440\u043e\u0433\u0438","\u043d\u0430 \u043c\u0430\u0448\u0438\u043d\u0435","\u043f\u0443\u0442\u0435\u0448\u0435\u0441\u0442\u0432\u0438\u044f","\u0441\u043a\u0430\u0434\u0430\u0440\u0441\u043a\u043e\u0435 \u043e\u0437\u0435\u0440\u043e","\u0447\u0435\u0440\u043d\u043e\u0433\u043e\u0440\u0438\u044f"],"articleSection":["Karada\u011f Hakk\u0131nda Faydal\u0131 Makaleler"],"inLanguage":"tr-TR"},{"@type":"WebPage","@id":"https:\/\/rentagor.com\/ru\/markup-image-alignment\/","url":"https:\/\/rentagor.com\/ru\/markup-image-alignment\/","name":"Karada\u011f'da Arabayla \u0130\u015fkodra G\u00f6l\u00fc'ne Nas\u0131l Gidilir","isPartOf":{"@id":"https:\/\/rentagor.com\/ru\/#website"},"primaryImageOfPage":{"@id":"https:\/\/rentagor.com\/ru\/markup-image-alignment\/#primaryimage"},"image":{"@id":"https:\/\/rentagor.com\/ru\/markup-image-alignment\/#primaryimage"},"thumbnailUrl":"https:\/\/rentagor.com\/wp-content\/uploads\/2013\/01\/e56vcg14gww.jpg","datePublished":"2013-01-11T03:15:40+00:00","dateModified":"2018-03-29T20:37:36+00:00","author":{"@id":"https:\/\/rentagor.com\/ru\/#\/schema\/person\/f47c048c55b1a484872db4bb045ba788"},"breadcrumb":{"@id":"https:\/\/rentagor.com\/ru\/markup-image-alignment\/#breadcrumb"},"inLanguage":"tr-TR","potentialAction":[{"@type":"ReadAction","target":["https:\/\/rentagor.com\/ru\/markup-image-alignment\/"]}]},{"@type":"ImageObject","inLanguage":"tr-TR","@id":"https:\/\/rentagor.com\/ru\/markup-image-alignment\/#primaryimage","url":"https:\/\/rentagor.com\/wp-content\/uploads\/2013\/01\/e56vcg14gww.jpg","contentUrl":"https:\/\/rentagor.com\/wp-content\/uploads\/2013\/01\/e56vcg14gww.jpg","width":800,"height":428},{"@type":"BreadcrumbList","@id":"https:\/\/rentagor.com\/ru\/markup-image-alignment\/#breadcrumb","itemListElement":[{"@type":"ListItem","position":1,"name":"\u0413\u043b\u0430\u0432\u043d\u0430\u044f \u0441\u0442\u0440\u0430\u043d\u0438\u0446\u0430","item":"https:\/\/rentagor.com\/ru\/"},{"@type":"ListItem","position":2,"name":"\u041a\u0430\u043a \u0434\u043e\u0431\u0440\u0430\u0442\u044c\u0441\u044f \u0434\u043e \u0421\u043a\u0430\u0434\u0430\u0440\u0441\u043a\u043e\u0433\u043e \u043e\u0437\u0435\u0440\u0430 \u0432 \u0427\u0435\u0440\u043d\u043e\u0433\u043e\u0440\u0438\u0438 \u043d\u0430 \u043c\u0430\u0448\u0438\u043d\u0435"}]},{"@type":"WebSite","@id":"https:\/\/rentagor.com\/ru\/#website","url":"https:\/\/rentagor.com\/ru\/","name":"Montenegro ara\u00e7 kiralama","description":"\u015eirketimiz Montenegroda kaliteli araba kiralama hizmeti vermektedir.","potentialAction":[{"@type":"SearchAction","target":{"@type":"EntryPoint","urlTemplate":"https:\/\/rentagor.com\/ru\/?s={search_term_string}"},"query-input":{"@type":"PropertyValueSpecification","valueRequired":true,"valueName":"search_term_string"}}],"inLanguage":"tr-TR"},{"@type":"Person","@id":"https:\/\/rentagor.com\/ru\/#\/schema\/person\/f47c048c55b1a484872db4bb045ba788","name":"admin","image":{"@type":"ImageObject","inLanguage":"tr-TR","@id":"https:\/\/rentagor.com\/wp-content\/litespeed\/avatar\/ad155aac620ba06b9f7a5d49499a67f1.jpg?ver=1777402667","url":"https:\/\/rentagor.com\/wp-content\/litespeed\/avatar\/ad155aac620ba06b9f7a5d49499a67f1.jpg?ver=1777402667","contentUrl":"https:\/\/rentagor.com\/wp-content\/litespeed\/avatar\/ad155aac620ba06b9f7a5d49499a67f1.jpg?ver=1777402667","caption":"admin"},"sameAs":["http:\/\/localhost","https:\/\/www.instagram.com\/rentagor?igsh=MThzODNyM2Z0Y3MzZw&utm_source=qr"],"url":"https:\/\/rentagor.com\/tr\/author\/admin\/"}]}},"_links":{"self":[{"href":"https:\/\/rentagor.com\/tr\/wp-json\/wp\/v2\/posts\/1177","targetHints":{"allow":["GET"]}}],"collection":[{"href":"https:\/\/rentagor.com\/tr\/wp-json\/wp\/v2\/posts"}],"about":[{"href":"https:\/\/rentagor.com\/tr\/wp-json\/wp\/v2\/types\/post"}],"author":[{"embeddable":true,"href":"https:\/\/rentagor.com\/tr\/wp-json\/wp\/v2\/users\/1"}],"replies":[{"embeddable":true,"href":"https:\/\/rentagor.com\/tr\/wp-json\/wp\/v2\/comments?post=1177"}],"version-history":[{"count":8,"href":"https:\/\/rentagor.com\/tr\/wp-json\/wp\/v2\/posts\/1177\/revisions"}],"predecessor-version":[{"id":2716,"href":"https:\/\/rentagor.com\/tr\/wp-json\/wp\/v2\/posts\/1177\/revisions\/2716"}],"wp:featuredmedia":[{"embeddable":true,"href":"https:\/\/rentagor.com\/tr\/wp-json\/wp\/v2\/media\/2688"}],"wp:attachment":[{"href":"https:\/\/rentagor.com\/tr\/wp-json\/wp\/v2\/media?parent=1177"}],"wp:term":[{"taxonomy":"category","embeddable":true,"href":"https:\/\/rentagor.com\/tr\/wp-json\/wp\/v2\/categories?post=1177"},{"taxonomy":"post_tag","embeddable":true,"href":"https:\/\/rentagor.com\/tr\/wp-json\/wp\/v2\/tags?post=1177"}],"curies":[{"name":"wp","href":"https:\/\/api.w.org\/{rel}","templated":true}]}}