{"id":1178,"date":"2013-01-11T20:22:19","date_gmt":"2013-01-12T03:22:19","guid":{"rendered":"http:\/\/wptest.io\/demo\/?p=919"},"modified":"2018-04-11T09:20:04","modified_gmt":"2018-04-11T06:20:04","slug":"markup-html-tags-and-formatting","status":"publish","type":"post","link":"https:\/\/rentagor.com\/tr\/markup-html-tags-and-formatting\/","title":{"rendered":"Karada\u011f&#8217;dan H\u0131rvatistan&#8217;a Arabayla Nas\u0131l Gidilir"},"content":{"rendered":"<p>Karada\u011f&#8217;dan H\u0131rvatistan&#8217;a ve arkadan arabayla seyahat etmek m\u00fcmk\u00fcn. Ancak, bir \u00fclkeden di\u011ferine araba kiralanmas\u0131na izin verilmemektedir. Bunu yapan kart \u015firketleri var, ama \u00e7o\u011fu yok. S\u0131n\u0131r muhaf\u0131zlar\u0131 sigortan\u0131z s\u0131raya girene kadar umurumda de\u011fil. Ancak, bir kazaya girdiyseniz, araba \u00e7al\u0131nm\u0131\u015f veya hasar g\u00f6rm\u00fc\u015f, ciddi sorunlarla kar\u015f\u0131la\u015fabilirsiniz.<\/p>\n<p>Bu nedenle, bir araba kiralamadan \u00f6nce, bu konuyla ilgili \u015firkete dan\u0131\u015f\u0131n. Ajans\u0131n, yak\u0131ndaki \u00fclkelere arabalar\u0131n\u0131zda seyahat etmenize izin verdi\u011finden emin olun.<\/p>\n<p>Ayr\u0131ca, rotay\u0131 iyi d\u00fc\u015f\u00fcnm\u00fc\u015f oldu\u011funuzdan emin olun, aksi takdirde bir\u00e7ok ilgi \u00e7ekici noktay\u0131 ka\u00e7\u0131r\u0131yorsunuz.<\/p>\n<p>E\u011fer b\u00fcy\u00fck bir paran\u0131z varsa, \u00f6rne\u011fin, 10 000 euro, onu \u00fclke d\u0131\u015f\u0131na \u00e7\u0131karabilmek i\u00e7in belirtilmelidir. Ama b\u00fcy\u00fck ihtimalle bin kredi kart\u0131ndan fazla de\u011fil, endi\u015felenmeyin.<\/p>\n<p>Kiralanan bir arabada Karada\u011f&#8217;dan H\u0131rvatistan&#8217;a<\/p>\n<p>Sabah, \u015fehirdeki kahvalt\u0131dan sonra. Saraybosna&#8217;dan Split&#8217;e arabayla gitmek 4 ila 4,5 saat s\u00fcrmektedir. Se\u00e7ebilece\u011finiz birka\u00e7 yol var. \u00d6rne\u011fin, E73 rotas\u0131, Mostar&#8217;\u0131n ge\u00e7ti\u011fi H\u0131rvatistan&#8217;a neredeyse t\u00fcm yolu ge\u00e7menize izin veriyor. Karada\u011f ile H\u0131rvatistan aras\u0131ndaki s\u0131n\u0131r\u0131n araba ile ge\u00e7mesi genellikle 5 dakikadan fazla s\u00fcrmez. H\u0131rvatistan&#8217;da, E65&#8217;e kadar olan geni\u015f bant rotas\u0131na Split&#8217;e gidebilirsiniz.<\/p>\n<p>Split&#8217;in yan\u0131ndaki antik kale Klis. Zengin bir tarihe sahiptir ve zaman zaman Tap\u0131nak\u00e7\u0131lar, Osmanl\u0131lar ve Mo\u011follar gibi \u00e7ok say\u0131da \u015f\u00f6valye vard\u0131r. Klis kalesinden, Split ve Dalma\u00e7ya k\u0131y\u0131lar\u0131n\u0131n panoramik manzaras\u0131n\u0131n keyfini \u00e7\u0131karabilirsiniz. &#8220;Thrones Oyunlar\u0131&#8221; i\u00e7in sahneler de vard\u0131. Her \u015feyi incelemek i\u00e7in en az bir saat s\u00fcrecek<\/p>\n<p>Trogir arabayla sadece 35 dakika uzakl\u0131kta bir sahil kasabas\u0131d\u0131r. T\u00fcm Eski Kent adada yer almaktad\u0131r. Gecenin tam ortas\u0131nda yolun etraf\u0131ndan dola\u015fabilirsiniz.<\/p>\n<p>H\u0131rvatistan&#8217;da olmak, en az bir adaya gitmeye de\u011fer. Split&#8217;ten, Adriyatik Denizi&#8217;ndeki adalardan birine gidebilirsin. \u00d6rne\u011fin, Hvar gece hayat\u0131 ve pitoresk liman\u0131yla \u00fcnl\u00fcd\u00fcr. Adriyatik Denizi&#8217;nin en y\u00fcksek noktas\u0131 olan T\u00fcr Da\u011f\u0131&#8217;nda y\u00fcr\u00fcy\u00fc\u015f yapmak i\u00e7in Evlilik&#8217;i se\u00e7ebilirsiniz.<\/p>\n<p>H\u0131rvatistan&#8217;da feribot nas\u0131l kullan\u0131l\u0131r<\/p>\n<p>Split&#8217;ten adalara feribot var. Bu feribotlar g\u00fcnde birka\u00e7 kez \u00e7al\u0131\u015f\u0131r. Buna ek olarak, bir araba kiralama ald\u0131\u011f\u0131n\u0131zdan beri, bir feribot se\u00e7ti\u011finizden emin olun. Feribot rezervasyonunuzu birka\u00e7 g\u00fcn veya hafta i\u00e7inde planlay\u0131n. E\u011fer iskeleye \u00e7ok ge\u00e7 gelirseniz, biletiniz olsa bile bir koltuk alamayacaks\u0131n\u0131z. Yaz aylar\u0131nda, feribotlara binmeden \u00f6nce 2 saate kadar s\u0131raya girmeniz gerekecektir. Arabay\u0131 s\u0131raya koyabiliyor ve i\u015flerine gidebiliyorsunuz ve daha sonra yola \u00e7\u0131kmadan 30 dakika \u00f6nce arabaya d\u00f6nebilirsiniz.<\/p>\n<p>Dubrovnik&#8217;in harika \u015fehrini tan\u0131yacaks\u0131n\u0131z. T\u00fcm bu rotan\u0131n bir par\u00e7as\u0131 olabilir. Orta\u00e7a\u011f duvarlar\u0131ndan bir y\u00fcr\u00fcy\u00fc\u015f\u00fc ka\u00e7\u0131rmay\u0131n, teleferikten g\u00f6r\u00fcn\u00fcn, eski \u015fehirden y\u00fcr\u00fcy\u00fcn ve Fort Lovrienac&#8217;\u0131 ziyaret edin. Dubrovnik&#8217;te bir\u00e7ok g\u00fczel restoran var. Bu \u015fehre a\u015f\u0131k olmak \u00e7ok kolay.<\/p>\n<p>Dubrovnik&#8217;ten Karada\u011f&#8217;a arabayla<\/p>\n<p>Ve \u015fimdi H\u0131rvatistan&#8217;a veda etme zaman\u0131. Ama endi\u015felenme, Karada\u011f H\u0131rvatistan kadar \u015fa\u015f\u0131rt\u0131c\u0131. Dubrovnik&#8217;ten 45 dakikada Karada\u011f s\u0131n\u0131r\u0131na ula\u015fabilirsiniz. S\u0131n\u0131r\u0131 ge\u00e7mek i\u00e7in pasaport ve ye\u015fil kart (kiral\u0131k bir araba i\u00e7in) gerekir.<\/p>\n<p>S\u0131n\u0131r\u0131 ge\u00e7tikten sonra en yak\u0131n \u015fehir Herceg Novi&#8217;dir. Bu g\u00fczel \u015fehirde en az bir saat ya da iki harcamaya de\u011fer. Eski \u015fehirde y\u00fcr\u00fcy\u00fc\u015fe \u00e7\u0131k\u0131n, \u015fehrin ve Kotor K\u00f6rfezi&#8217;nin g\u00fczel manzaras\u0131n\u0131 seyredebilece\u011finiz ve Kanin-Kula Kalesi&#8217;ne \u00e7\u0131k\u0131n ve isterseniz Savin manast\u0131r\u0131n\u0131 ziyaret edin.<\/p>\n<p>Herceg Novi&#8217;den Kotor Koyu&#8217;nun etraf\u0131nda saat y\u00f6n\u00fcnde gidin. G\u00fcnl\u00fck gezi Kotor&#8217;da biter. Otelden bir koltuk al\u0131n ve g\u00fcn\u00fcn geri kalan\u0131n\u0131 manzaralar\u0131 ke\u015ffederek ge\u00e7irin. Kotor k\u00fc\u00e7\u00fck bir orta\u00e7a\u011f \u015fehridir. Bir saat ya da daha k\u0131sa s\u00fcrede atlayabilirsiniz. Yap\u0131lacak ilk \u015fey \u015fehir surlar\u0131na t\u0131rmanmak. Bu, d\u00fczensiz basamaklar ve Arnavut kald\u0131r\u0131ml\u0131 parkurlara t\u0131rmanma zaman\u0131d\u0131r, ancak Kotor&#8217;a yap\u0131lacak bir ziyaret bu macera olmadan tamamlanmayacakt\u0131r.<\/p>\n<p>Yeterince erken geldiysen, Kotor Merdiveni&#8217;ni d\u00fc\u015f\u00fcn. Bu, sonunda Kotor K\u00f6rfezi&#8217;nin nefes kesen manzaras\u0131n\u0131 g\u00f6rece\u011finiz 6-8 kilometrelik bir art\u0131\u015f. Tur, pitoresk banliy\u00f6leri, da\u011f manzaralar\u0131n\u0131 ve sahil kasabalar\u0131n\u0131 g\u00f6rebilece\u011finiz Kotor \u015fehir surlar\u0131 boyunca bir y\u00fcr\u00fcy\u00fc\u015fle sona eriyor.<\/p>\n<p>Kotor&#8217;dan, P22 otoyolu boyunca \u015fehirden g\u00fcneye gidin ve da\u011flara y\u00fckselen bir t\u0131rmanma yolu boyunca P1&#8217;de sola d\u00f6n\u00fcn. Buradan Kotor K\u00f6rfezi&#8217;nin muhte\u015fem manzaras\u0131n\u0131n keyfini \u00e7\u0131karabilirsiniz.<\/p>\n<p>Lovcen Ulusal Park\u0131&#8217;na do\u011fru ilerleyin. Lovcen Da\u011f\u0131, Karada\u011f&#8217;\u0131n en y\u00fcksek zirvelerinden biridir ve buradaki manzaray\u0131 asla unutamayacaks\u0131n\u0131z. Sonra i\u00e7eri girebilirsin\u00a0Skadar G\u00f6l\u00fc Milli Park\u0131&#8217;n\u0131n y\u00f6n\u00fc. Budva Rivieras\u0131 olarak da adland\u0131r\u0131lan sahili ke\u015ffetmekle ge\u00e7en bir g\u00fcn\u00fc ge\u00e7irmek ve kumlu bir \u0131skayla anakaraya ba\u011fl\u0131 k\u00fc\u00e7\u00fck bir adada kurulmu\u015f bir orta\u00e7a\u011f kasabas\u0131 olan San Stefan&#8217;\u0131 ziyaret etmeye de\u011fer. Bug\u00fcn pahal\u0131 bir tatil beldesidir ve \u015fehrin sadece \u00f6nceden rezervasyon yapt\u0131rarak durmas\u0131na izin verilir. Y\u00fcr\u00fcme mesafesinde rahatlamak i\u00e7in ideal bir yer olan Milocer plaj\u0131 bulunmaktad\u0131r. Ard\u0131ndan kuzeye, gece hayat\u0131yla bilinen bir ba\u015fka pop\u00fcler \u015fehir olan Budva&#8217;ya gidin. Bu ak\u015fam yeme\u011fi ve geceyi ge\u00e7irmek i\u00e7in iyi bir yerdir. Budva&#8217;dan sadece 30 dakika Kotor&#8217;dur, b\u00f6ylece yolculu\u011fun ba\u015flang\u0131\u00e7 noktas\u0131na d\u00f6nebilirsiniz.<\/p>\n","protected":false},"excerpt":{"rendered":"<p>Karada\u011f&#8217;dan H\u0131rvatistan&#8217;a ve arkadan arabayla seyahat etmek m\u00fcmk\u00fcn. Ancak, bir \u00fclkeden di\u011ferine araba kiralanmas\u0131na izin verilmemektedir. Bunu yapan kart \u015firketleri var, ama \u00e7o\u011fu yok. S\u0131n\u0131r muhaf\u0131zlar\u0131 sigortan\u0131z s\u0131raya girene kadar umurumda de\u011fil. Ancak, bir kazaya girdiyseniz, araba \u00e7al\u0131nm\u0131\u015f veya hasar g\u00f6rm\u00fc\u015f, ciddi sorunlarla kar\u015f\u0131la\u015fabilirsiniz. Bu nedenle, bir araba kiralamadan \u00f6nce, bu konuyla ilgili \u015firkete dan\u0131\u015f\u0131n. [&hellip;]<\/p>\n","protected":false},"author":1,"featured_media":1803,"comment_status":"closed","ping_status":"closed","sticky":false,"template":"","format":"standard","meta":{"ngg_post_thumbnail":0,"footnotes":""},"categories":[205],"tags":[],"class_list":["post-1178","post","type-post","status-publish","format-standard","has-post-thumbnail","hentry","category-news-and-promotions"],"yoast_head":"<!-- This site is optimized with the Yoast SEO plugin v27.2 - https:\/\/yoast.com\/product\/yoast-seo-wordpress\/ -->\n<title>Karada\u011f&#039;dan H\u0131rvatistan&#039;a Arabayla Nas\u0131l Gidilir<\/title>\n<meta name=\"robots\" content=\"index, follow, max-snippet:-1, max-image-preview:large, max-video-preview:-1\" \/>\n<link rel=\"canonical\" href=\"https:\/\/rentagor.com\/tr\/markup-html-tags-and-formatting\/\" \/>\n<meta property=\"og:locale\" content=\"tr_TR\" \/>\n<meta property=\"og:locale:alternate\" content=\"ru_RU\" \/>\n<meta property=\"og:locale:alternate\" content=\"en_US\" \/>\n<meta property=\"og:type\" content=\"article\" \/>\n<meta property=\"og:title\" content=\"Karada\u011f&#039;dan H\u0131rvatistan&#039;a Arabayla Nas\u0131l Gidilir\" \/>\n<meta property=\"og:description\" content=\"Karada\u011f&#8217;dan H\u0131rvatistan&#8217;a ve arkadan arabayla seyahat etmek m\u00fcmk\u00fcn. Ancak, bir \u00fclkeden di\u011ferine araba kiralanmas\u0131na izin verilmemektedir. Bunu yapan kart \u015firketleri var, ama \u00e7o\u011fu yok. S\u0131n\u0131r muhaf\u0131zlar\u0131 sigortan\u0131z s\u0131raya girene kadar umurumda de\u011fil. Ancak, bir kazaya girdiyseniz, araba \u00e7al\u0131nm\u0131\u015f veya hasar g\u00f6rm\u00fc\u015f, ciddi sorunlarla kar\u015f\u0131la\u015fabilirsiniz. Bu nedenle, bir araba kiralamadan \u00f6nce, bu konuyla ilgili \u015firkete dan\u0131\u015f\u0131n. [&hellip;]\" \/>\n<meta property=\"og:url\" content=\"https:\/\/rentagor.com\/tr\/markup-html-tags-and-formatting\/\" \/>\n<meta property=\"og:site_name\" content=\"Montenegro ara\u00e7 kiralama\" \/>\n<meta property=\"article:published_time\" content=\"2013-01-12T03:22:19+00:00\" \/>\n<meta property=\"article:modified_time\" content=\"2018-04-11T06:20:04+00:00\" \/>\n<meta property=\"og:image\" content=\"https:\/\/rentagor.com\/wp-content\/uploads\/2018\/02\/chery-new-tiggo-2-narscars-800x440-63d1.jpg\" \/>\n\t<meta property=\"og:image:width\" content=\"800\" \/>\n\t<meta property=\"og:image:height\" content=\"440\" \/>\n\t<meta property=\"og:image:type\" content=\"image\/jpeg\" \/>\n<meta name=\"author\" content=\"admin\" \/>\n<meta name=\"twitter:card\" content=\"summary_large_image\" \/>\n<meta name=\"twitter:label1\" content=\"Yazan:\" \/>\n\t<meta name=\"twitter:data1\" content=\"admin\" \/>\n\t<meta name=\"twitter:label2\" content=\"Tahmini okuma s\u00fcresi\" \/>\n\t<meta name=\"twitter:data2\" content=\"10 dakika\" \/>\n<script type=\"application\/ld+json\" class=\"yoast-schema-graph\">{\"@context\":\"https:\/\/schema.org\",\"@graph\":[{\"@type\":\"Article\",\"@id\":\"https:\/\/rentagor.com\/ru\/markup-html-tags-and-formatting\/#article\",\"isPartOf\":{\"@id\":\"https:\/\/rentagor.com\/ru\/markup-html-tags-and-formatting\/\"},\"author\":{\"name\":\"admin\",\"@id\":\"https:\/\/rentagor.com\/ru\/#\/schema\/person\/f47c048c55b1a484872db4bb045ba788\"},\"headline\":\"Karada\u011f&#8217;dan H\u0131rvatistan&#8217;a Arabayla Nas\u0131l Gidilir\",\"datePublished\":\"2013-01-12T03:22:19+00:00\",\"dateModified\":\"2018-04-11T06:20:04+00:00\",\"mainEntityOfPage\":{\"@id\":\"https:\/\/rentagor.com\/ru\/markup-html-tags-and-formatting\/\"},\"wordCount\":2968,\"image\":{\"@id\":\"https:\/\/rentagor.com\/ru\/markup-html-tags-and-formatting\/#primaryimage\"},\"thumbnailUrl\":\"https:\/\/rentagor.com\/wp-content\/uploads\/2018\/02\/chery-new-tiggo-2-narscars-800x440-63d1.jpg\",\"articleSection\":[\"Karada\u011f Hakk\u0131nda Faydal\u0131 Makaleler\"],\"inLanguage\":\"tr-TR\"},{\"@type\":\"WebPage\",\"@id\":\"https:\/\/rentagor.com\/ru\/markup-html-tags-and-formatting\/\",\"url\":\"https:\/\/rentagor.com\/ru\/markup-html-tags-and-formatting\/\",\"name\":\"Karada\u011f'dan H\u0131rvatistan'a Arabayla Nas\u0131l Gidilir\",\"isPartOf\":{\"@id\":\"https:\/\/rentagor.com\/ru\/#website\"},\"primaryImageOfPage\":{\"@id\":\"https:\/\/rentagor.com\/ru\/markup-html-tags-and-formatting\/#primaryimage\"},\"image\":{\"@id\":\"https:\/\/rentagor.com\/ru\/markup-html-tags-and-formatting\/#primaryimage\"},\"thumbnailUrl\":\"https:\/\/rentagor.com\/wp-content\/uploads\/2018\/02\/chery-new-tiggo-2-narscars-800x440-63d1.jpg\",\"datePublished\":\"2013-01-12T03:22:19+00:00\",\"dateModified\":\"2018-04-11T06:20:04+00:00\",\"author\":{\"@id\":\"https:\/\/rentagor.com\/ru\/#\/schema\/person\/f47c048c55b1a484872db4bb045ba788\"},\"breadcrumb\":{\"@id\":\"https:\/\/rentagor.com\/ru\/markup-html-tags-and-formatting\/#breadcrumb\"},\"inLanguage\":\"tr-TR\",\"potentialAction\":[{\"@type\":\"ReadAction\",\"target\":[\"https:\/\/rentagor.com\/ru\/markup-html-tags-and-formatting\/\"]}]},{\"@type\":\"ImageObject\",\"inLanguage\":\"tr-TR\",\"@id\":\"https:\/\/rentagor.com\/ru\/markup-html-tags-and-formatting\/#primaryimage\",\"url\":\"https:\/\/rentagor.com\/wp-content\/uploads\/2018\/02\/chery-new-tiggo-2-narscars-800x440-63d1.jpg\",\"contentUrl\":\"https:\/\/rentagor.com\/wp-content\/uploads\/2018\/02\/chery-new-tiggo-2-narscars-800x440-63d1.jpg\",\"width\":800,\"height\":440},{\"@type\":\"BreadcrumbList\",\"@id\":\"https:\/\/rentagor.com\/ru\/markup-html-tags-and-formatting\/#breadcrumb\",\"itemListElement\":[{\"@type\":\"ListItem\",\"position\":1,\"name\":\"\u0413\u043b\u0430\u0432\u043d\u0430\u044f \u0441\u0442\u0440\u0430\u043d\u0438\u0446\u0430\",\"item\":\"https:\/\/rentagor.com\/ru\/\"},{\"@type\":\"ListItem\",\"position\":2,\"name\":\"\u041a\u0430\u043a \u043f\u043e\u0435\u0445\u0430\u0442\u044c \u043d\u0430 \u043c\u0430\u0448\u0438\u043d\u0435 \u0438\u0437 \u0427\u0435\u0440\u043d\u043e\u0433\u043e\u0440\u0438\u0438 \u0432 \u0425\u043e\u0440\u0432\u0430\u0442\u0438\u044e\"}]},{\"@type\":\"WebSite\",\"@id\":\"https:\/\/rentagor.com\/ru\/#website\",\"url\":\"https:\/\/rentagor.com\/ru\/\",\"name\":\"Montenegro ara\u00e7 kiralama\",\"description\":\"\u015eirketimiz Montenegroda kaliteli araba kiralama hizmeti vermektedir.\",\"potentialAction\":[{\"@type\":\"SearchAction\",\"target\":{\"@type\":\"EntryPoint\",\"urlTemplate\":\"https:\/\/rentagor.com\/ru\/?s={search_term_string}\"},\"query-input\":{\"@type\":\"PropertyValueSpecification\",\"valueRequired\":true,\"valueName\":\"search_term_string\"}}],\"inLanguage\":\"tr-TR\"},{\"@type\":\"Person\",\"@id\":\"https:\/\/rentagor.com\/ru\/#\/schema\/person\/f47c048c55b1a484872db4bb045ba788\",\"name\":\"admin\",\"image\":{\"@type\":\"ImageObject\",\"inLanguage\":\"tr-TR\",\"@id\":\"https:\/\/rentagor.com\/wp-content\/litespeed\/avatar\/ad155aac620ba06b9f7a5d49499a67f1.jpg?ver=1777402667\",\"url\":\"https:\/\/rentagor.com\/wp-content\/litespeed\/avatar\/ad155aac620ba06b9f7a5d49499a67f1.jpg?ver=1777402667\",\"contentUrl\":\"https:\/\/rentagor.com\/wp-content\/litespeed\/avatar\/ad155aac620ba06b9f7a5d49499a67f1.jpg?ver=1777402667\",\"caption\":\"admin\"},\"sameAs\":[\"http:\/\/localhost\",\"https:\/\/www.instagram.com\/rentagor?igsh=MThzODNyM2Z0Y3MzZw&utm_source=qr\"],\"url\":\"https:\/\/rentagor.com\/tr\/author\/admin\/\"}]}<\/script>\n<!-- \/ Yoast SEO plugin. -->","yoast_head_json":{"title":"Karada\u011f'dan H\u0131rvatistan'a Arabayla Nas\u0131l Gidilir","robots":{"index":"index","follow":"follow","max-snippet":"max-snippet:-1","max-image-preview":"max-image-preview:large","max-video-preview":"max-video-preview:-1"},"canonical":"https:\/\/rentagor.com\/tr\/markup-html-tags-and-formatting\/","og_locale":"tr_TR","og_type":"article","og_title":"[:ru]\u041a\u0430\u043a \u043f\u043e\u0435\u0445\u0430\u0442\u044c \u043d\u0430 \u043c\u0430\u0448\u0438\u043d\u0435 \u0438\u0437 \u0427\u0435\u0440\u043d\u043e\u0433\u043e\u0440\u0438\u0438 \u0432 \u0425\u043e\u0440\u0432\u0430\u0442\u0438\u044e[:en]How to travel by car from Montenegro to Croatia[:tr]Karada\u011f'dan H\u0131rvatistan'a Arabayla Nas\u0131l Gidilir[:]  - Montenegro ara\u00e7 kiralama","og_description":"Karada\u011f&#8217;dan H\u0131rvatistan&#8217;a ve arkadan arabayla seyahat etmek m\u00fcmk\u00fcn. Ancak, bir \u00fclkeden di\u011ferine araba kiralanmas\u0131na izin verilmemektedir. Bunu yapan kart \u015firketleri var, ama \u00e7o\u011fu yok. S\u0131n\u0131r muhaf\u0131zlar\u0131 sigortan\u0131z s\u0131raya girene kadar umurumda de\u011fil. Ancak, bir kazaya girdiyseniz, araba \u00e7al\u0131nm\u0131\u015f veya hasar g\u00f6rm\u00fc\u015f, ciddi sorunlarla kar\u015f\u0131la\u015fabilirsiniz. Bu nedenle, bir araba kiralamadan \u00f6nce, bu konuyla ilgili \u015firkete dan\u0131\u015f\u0131n. [&hellip;]","og_url":"https:\/\/rentagor.com\/tr\/markup-html-tags-and-formatting\/","og_site_name":"Montenegro ara\u00e7 kiralama","article_published_time":"2013-01-12T03:22:19+00:00","article_modified_time":"2018-04-11T06:20:04+00:00","og_image":[{"width":800,"height":440,"url":"https:\/\/rentagor.com\/wp-content\/uploads\/2018\/02\/chery-new-tiggo-2-narscars-800x440-63d1.jpg","type":"image\/jpeg"}],"author":"admin","twitter_card":"summary_large_image","twitter_misc":{"Yazan:":"admin","Tahmini okuma s\u00fcresi":"10 dakika"},"schema":{"@context":"https:\/\/schema.org","@graph":[{"@type":"Article","@id":"https:\/\/rentagor.com\/ru\/markup-html-tags-and-formatting\/#article","isPartOf":{"@id":"https:\/\/rentagor.com\/ru\/markup-html-tags-and-formatting\/"},"author":{"name":"admin","@id":"https:\/\/rentagor.com\/ru\/#\/schema\/person\/f47c048c55b1a484872db4bb045ba788"},"headline":"Karada\u011f&#8217;dan H\u0131rvatistan&#8217;a Arabayla Nas\u0131l Gidilir","datePublished":"2013-01-12T03:22:19+00:00","dateModified":"2018-04-11T06:20:04+00:00","mainEntityOfPage":{"@id":"https:\/\/rentagor.com\/ru\/markup-html-tags-and-formatting\/"},"wordCount":2968,"image":{"@id":"https:\/\/rentagor.com\/ru\/markup-html-tags-and-formatting\/#primaryimage"},"thumbnailUrl":"https:\/\/rentagor.com\/wp-content\/uploads\/2018\/02\/chery-new-tiggo-2-narscars-800x440-63d1.jpg","articleSection":["Karada\u011f Hakk\u0131nda Faydal\u0131 Makaleler"],"inLanguage":"tr-TR"},{"@type":"WebPage","@id":"https:\/\/rentagor.com\/ru\/markup-html-tags-and-formatting\/","url":"https:\/\/rentagor.com\/ru\/markup-html-tags-and-formatting\/","name":"Karada\u011f'dan H\u0131rvatistan'a Arabayla Nas\u0131l Gidilir","isPartOf":{"@id":"https:\/\/rentagor.com\/ru\/#website"},"primaryImageOfPage":{"@id":"https:\/\/rentagor.com\/ru\/markup-html-tags-and-formatting\/#primaryimage"},"image":{"@id":"https:\/\/rentagor.com\/ru\/markup-html-tags-and-formatting\/#primaryimage"},"thumbnailUrl":"https:\/\/rentagor.com\/wp-content\/uploads\/2018\/02\/chery-new-tiggo-2-narscars-800x440-63d1.jpg","datePublished":"2013-01-12T03:22:19+00:00","dateModified":"2018-04-11T06:20:04+00:00","author":{"@id":"https:\/\/rentagor.com\/ru\/#\/schema\/person\/f47c048c55b1a484872db4bb045ba788"},"breadcrumb":{"@id":"https:\/\/rentagor.com\/ru\/markup-html-tags-and-formatting\/#breadcrumb"},"inLanguage":"tr-TR","potentialAction":[{"@type":"ReadAction","target":["https:\/\/rentagor.com\/ru\/markup-html-tags-and-formatting\/"]}]},{"@type":"ImageObject","inLanguage":"tr-TR","@id":"https:\/\/rentagor.com\/ru\/markup-html-tags-and-formatting\/#primaryimage","url":"https:\/\/rentagor.com\/wp-content\/uploads\/2018\/02\/chery-new-tiggo-2-narscars-800x440-63d1.jpg","contentUrl":"https:\/\/rentagor.com\/wp-content\/uploads\/2018\/02\/chery-new-tiggo-2-narscars-800x440-63d1.jpg","width":800,"height":440},{"@type":"BreadcrumbList","@id":"https:\/\/rentagor.com\/ru\/markup-html-tags-and-formatting\/#breadcrumb","itemListElement":[{"@type":"ListItem","position":1,"name":"\u0413\u043b\u0430\u0432\u043d\u0430\u044f \u0441\u0442\u0440\u0430\u043d\u0438\u0446\u0430","item":"https:\/\/rentagor.com\/ru\/"},{"@type":"ListItem","position":2,"name":"\u041a\u0430\u043a \u043f\u043e\u0435\u0445\u0430\u0442\u044c \u043d\u0430 \u043c\u0430\u0448\u0438\u043d\u0435 \u0438\u0437 \u0427\u0435\u0440\u043d\u043e\u0433\u043e\u0440\u0438\u0438 \u0432 \u0425\u043e\u0440\u0432\u0430\u0442\u0438\u044e"}]},{"@type":"WebSite","@id":"https:\/\/rentagor.com\/ru\/#website","url":"https:\/\/rentagor.com\/ru\/","name":"Montenegro ara\u00e7 kiralama","description":"\u015eirketimiz Montenegroda kaliteli araba kiralama hizmeti vermektedir.","potentialAction":[{"@type":"SearchAction","target":{"@type":"EntryPoint","urlTemplate":"https:\/\/rentagor.com\/ru\/?s={search_term_string}"},"query-input":{"@type":"PropertyValueSpecification","valueRequired":true,"valueName":"search_term_string"}}],"inLanguage":"tr-TR"},{"@type":"Person","@id":"https:\/\/rentagor.com\/ru\/#\/schema\/person\/f47c048c55b1a484872db4bb045ba788","name":"admin","image":{"@type":"ImageObject","inLanguage":"tr-TR","@id":"https:\/\/rentagor.com\/wp-content\/litespeed\/avatar\/ad155aac620ba06b9f7a5d49499a67f1.jpg?ver=1777402667","url":"https:\/\/rentagor.com\/wp-content\/litespeed\/avatar\/ad155aac620ba06b9f7a5d49499a67f1.jpg?ver=1777402667","contentUrl":"https:\/\/rentagor.com\/wp-content\/litespeed\/avatar\/ad155aac620ba06b9f7a5d49499a67f1.jpg?ver=1777402667","caption":"admin"},"sameAs":["http:\/\/localhost","https:\/\/www.instagram.com\/rentagor?igsh=MThzODNyM2Z0Y3MzZw&utm_source=qr"],"url":"https:\/\/rentagor.com\/tr\/author\/admin\/"}]}},"_links":{"self":[{"href":"https:\/\/rentagor.com\/tr\/wp-json\/wp\/v2\/posts\/1178","targetHints":{"allow":["GET"]}}],"collection":[{"href":"https:\/\/rentagor.com\/tr\/wp-json\/wp\/v2\/posts"}],"about":[{"href":"https:\/\/rentagor.com\/tr\/wp-json\/wp\/v2\/types\/post"}],"author":[{"embeddable":true,"href":"https:\/\/rentagor.com\/tr\/wp-json\/wp\/v2\/users\/1"}],"replies":[{"embeddable":true,"href":"https:\/\/rentagor.com\/tr\/wp-json\/wp\/v2\/comments?post=1178"}],"version-history":[{"count":16,"href":"https:\/\/rentagor.com\/tr\/wp-json\/wp\/v2\/posts\/1178\/revisions"}],"predecessor-version":[{"id":3131,"href":"https:\/\/rentagor.com\/tr\/wp-json\/wp\/v2\/posts\/1178\/revisions\/3131"}],"wp:featuredmedia":[{"embeddable":true,"href":"https:\/\/rentagor.com\/tr\/wp-json\/wp\/v2\/media\/1803"}],"wp:attachment":[{"href":"https:\/\/rentagor.com\/tr\/wp-json\/wp\/v2\/media?parent=1178"}],"wp:term":[{"taxonomy":"category","embeddable":true,"href":"https:\/\/rentagor.com\/tr\/wp-json\/wp\/v2\/categories?post=1178"},{"taxonomy":"post_tag","embeddable":true,"href":"https:\/\/rentagor.com\/tr\/wp-json\/wp\/v2\/tags?post=1178"}],"curies":[{"name":"wp","href":"https:\/\/api.w.org\/{rel}","templated":true}]}}