{"id":2035,"date":"2019-06-08T15:22:00","date_gmt":"2019-06-08T12:22:00","guid":{"rendered":"https:\/\/rentagor.com\/ru\/?p=2035"},"modified":"2025-11-24T15:18:24","modified_gmt":"2025-11-24T12:18:24","slug":"renault-clio-new","status":"publish","type":"post","link":"https:\/\/rentagor.com\/tr\/renault-clio-new\/","title":{"rendered":"Renault Clio 1.5dci"},"content":{"rendered":"<p>Ara\u00e7 bi\u00e7imi Cilt: 1.5dci Transmisyon: mekanik Yak\u0131t: dizel Kap\u0131lar\u0131n say\u0131s\u0131: 5 Koltuk say\u0131s\u0131: 5<\/p>\n","protected":false},"excerpt":{"rendered":"<p>Ara\u00e7 bi\u00e7imi Cilt: 1.5dci Transmisyon: mekanik Yak\u0131t: dizel Kap\u0131lar\u0131n say\u0131s\u0131: 5 Koltuk say\u0131s\u0131: 5<\/p>\n","protected":false},"author":1,"featured_media":2036,"comment_status":"open","ping_status":"open","sticky":false,"template":"","format":"standard","meta":{"ngg_post_thumbnail":0,"footnotes":""},"categories":[222,207,221,225,200,203,201,3,224,226,227,4],"tags":[],"class_list":["post-2035","post","type-post","status-publish","format-standard","has-post-thumbnail","hentry","category-airport-tiv","category-airport-podgorica","category-bar","category-becici","category-budva","category-herceg-novi","category-kotor","category-car-park","category-petrovac","category-rafailovici","category-sveti-stefan","category-tivat"],"yoast_head":"<!-- This site is optimized with the Yoast SEO plugin v27.2 - https:\/\/yoast.com\/product\/yoast-seo-wordpress\/ -->\n<title>Renault Clio 1.5dci<\/title>\n<meta name=\"description\" content=\"Renault Clio, Frans\u0131z otomobil \u00fcreticisi Renault taraf\u0131ndan tasarlanm\u0131\u015f ve \u00fcretilmi\u015f bir hatchback&#039;tir. Bu arabay\u0131 Karada\u011f&#039;da web sitemizden kiralayabilirsiniz.\" \/>\n<meta name=\"robots\" content=\"index, follow, max-snippet:-1, max-image-preview:large, max-video-preview:-1\" \/>\n<link rel=\"canonical\" href=\"https:\/\/rentagor.com\/tr\/renault-clio-new\/\" \/>\n<meta property=\"og:locale\" content=\"tr_TR\" \/>\n<meta property=\"og:locale:alternate\" content=\"ru_RU\" \/>\n<meta property=\"og:locale:alternate\" content=\"en_US\" \/>\n<meta property=\"og:type\" content=\"article\" \/>\n<meta property=\"og:title\" content=\"Renault Clio 1.5dci\" \/>\n<meta property=\"og:description\" content=\"Renault Clio, Frans\u0131z otomobil \u00fcreticisi Renault taraf\u0131ndan tasarlanm\u0131\u015f ve \u00fcretilmi\u015f bir hatchback&#039;tir. Bu arabay\u0131 Karada\u011f&#039;da web sitemizden kiralayabilirsiniz.\" \/>\n<meta property=\"og:url\" content=\"https:\/\/rentagor.com\/tr\/renault-clio-new\/\" \/>\n<meta property=\"og:site_name\" content=\"Montenegro ara\u00e7 kiralama\" \/>\n<meta property=\"article:published_time\" content=\"2019-06-08T12:22:00+00:00\" \/>\n<meta property=\"article:modified_time\" content=\"2025-11-24T12:18:24+00:00\" \/>\n<meta property=\"og:image\" content=\"https:\/\/rentagor.com\/wp-content\/uploads\/2018\/02\/newclio2-300x180.jpg\" \/>\n\t<meta property=\"og:image:width\" content=\"300\" \/>\n\t<meta property=\"og:image:height\" content=\"180\" \/>\n\t<meta property=\"og:image:type\" content=\"image\/jpeg\" \/>\n<meta name=\"author\" content=\"admin\" \/>\n<meta name=\"twitter:card\" content=\"summary_large_image\" \/>\n<meta name=\"twitter:label1\" content=\"Yazan:\" \/>\n\t<meta name=\"twitter:data1\" content=\"admin\" \/>\n\t<meta name=\"twitter:label2\" content=\"Tahmini okuma s\u00fcresi\" \/>\n\t<meta name=\"twitter:data2\" content=\"1 dakika\" \/>\n<script type=\"application\/ld+json\" class=\"yoast-schema-graph\">{\"@context\":\"https:\/\/schema.org\",\"@graph\":[{\"@type\":\"Article\",\"@id\":\"https:\/\/rentagor.com\/ru\/renault-clio-new\/#article\",\"isPartOf\":{\"@id\":\"https:\/\/rentagor.com\/ru\/renault-clio-new\/\"},\"author\":{\"name\":\"admin\",\"@id\":\"https:\/\/rentagor.com\/ru\/#\/schema\/person\/f47c048c55b1a484872db4bb045ba788\"},\"headline\":\"Renault Clio 1.5dci\",\"datePublished\":\"2019-06-08T12:22:00+00:00\",\"dateModified\":\"2025-11-24T12:18:24+00:00\",\"mainEntityOfPage\":{\"@id\":\"https:\/\/rentagor.com\/ru\/renault-clio-new\/\"},\"wordCount\":64,\"commentCount\":0,\"image\":{\"@id\":\"https:\/\/rentagor.com\/ru\/renault-clio-new\/#primaryimage\"},\"thumbnailUrl\":\"https:\/\/rentagor.com\/wp-content\/uploads\/2018\/02\/newclio2-300x180.jpg\",\"articleSection\":[\"Hava limani Tivat\",\"Hava limani Podgor\u0131ca\",\"Bar\",\"Becici\",\"Budva\",\"Herceg Nov\u0131\",\"Kotor\",\"Araba park\u0131\",\"\u041f\u0435\u0442\u0440\u043e\u0432\u0430\u0446\",\"Rafailovici\",\"Sveti Stefan\",\"Tivat\"],\"inLanguage\":\"tr-TR\",\"potentialAction\":[{\"@type\":\"CommentAction\",\"name\":\"Comment\",\"target\":[\"https:\/\/rentagor.com\/ru\/renault-clio-new\/#respond\"]}]},{\"@type\":\"WebPage\",\"@id\":\"https:\/\/rentagor.com\/ru\/renault-clio-new\/\",\"url\":\"https:\/\/rentagor.com\/ru\/renault-clio-new\/\",\"name\":\"Renault Clio 1.5dci\",\"isPartOf\":{\"@id\":\"https:\/\/rentagor.com\/ru\/#website\"},\"primaryImageOfPage\":{\"@id\":\"https:\/\/rentagor.com\/ru\/renault-clio-new\/#primaryimage\"},\"image\":{\"@id\":\"https:\/\/rentagor.com\/ru\/renault-clio-new\/#primaryimage\"},\"thumbnailUrl\":\"https:\/\/rentagor.com\/wp-content\/uploads\/2018\/02\/newclio2-300x180.jpg\",\"datePublished\":\"2019-06-08T12:22:00+00:00\",\"dateModified\":\"2025-11-24T12:18:24+00:00\",\"author\":{\"@id\":\"https:\/\/rentagor.com\/ru\/#\/schema\/person\/f47c048c55b1a484872db4bb045ba788\"},\"description\":\"Renault Clio, Frans\u0131z otomobil \u00fcreticisi Renault taraf\u0131ndan tasarlanm\u0131\u015f ve \u00fcretilmi\u015f bir hatchback'tir. Bu arabay\u0131 Karada\u011f'da web sitemizden kiralayabilirsiniz.\",\"breadcrumb\":{\"@id\":\"https:\/\/rentagor.com\/ru\/renault-clio-new\/#breadcrumb\"},\"inLanguage\":\"tr-TR\",\"potentialAction\":[{\"@type\":\"ReadAction\",\"target\":[\"https:\/\/rentagor.com\/ru\/renault-clio-new\/\"]}]},{\"@type\":\"ImageObject\",\"inLanguage\":\"tr-TR\",\"@id\":\"https:\/\/rentagor.com\/ru\/renault-clio-new\/#primaryimage\",\"url\":\"https:\/\/rentagor.com\/wp-content\/uploads\/2018\/02\/newclio2-300x180.jpg\",\"contentUrl\":\"https:\/\/rentagor.com\/wp-content\/uploads\/2018\/02\/newclio2-300x180.jpg\",\"width\":300,\"height\":180},{\"@type\":\"BreadcrumbList\",\"@id\":\"https:\/\/rentagor.com\/ru\/renault-clio-new\/#breadcrumb\",\"itemListElement\":[{\"@type\":\"ListItem\",\"position\":1,\"name\":\"\u0413\u043b\u0430\u0432\u043d\u0430\u044f \u0441\u0442\u0440\u0430\u043d\u0438\u0446\u0430\",\"item\":\"https:\/\/rentagor.com\/ru\/\"},{\"@type\":\"ListItem\",\"position\":2,\"name\":\"Renault Clio 1.5dci\"}]},{\"@type\":\"WebSite\",\"@id\":\"https:\/\/rentagor.com\/ru\/#website\",\"url\":\"https:\/\/rentagor.com\/ru\/\",\"name\":\"Montenegro ara\u00e7 kiralama\",\"description\":\"\u015eirketimiz Montenegroda kaliteli araba kiralama hizmeti vermektedir.\",\"potentialAction\":[{\"@type\":\"SearchAction\",\"target\":{\"@type\":\"EntryPoint\",\"urlTemplate\":\"https:\/\/rentagor.com\/ru\/?s={search_term_string}\"},\"query-input\":{\"@type\":\"PropertyValueSpecification\",\"valueRequired\":true,\"valueName\":\"search_term_string\"}}],\"inLanguage\":\"tr-TR\"},{\"@type\":\"Person\",\"@id\":\"https:\/\/rentagor.com\/ru\/#\/schema\/person\/f47c048c55b1a484872db4bb045ba788\",\"name\":\"admin\",\"image\":{\"@type\":\"ImageObject\",\"inLanguage\":\"tr-TR\",\"@id\":\"https:\/\/rentagor.com\/wp-content\/litespeed\/avatar\/ad155aac620ba06b9f7a5d49499a67f1.jpg?ver=1777402667\",\"url\":\"https:\/\/rentagor.com\/wp-content\/litespeed\/avatar\/ad155aac620ba06b9f7a5d49499a67f1.jpg?ver=1777402667\",\"contentUrl\":\"https:\/\/rentagor.com\/wp-content\/litespeed\/avatar\/ad155aac620ba06b9f7a5d49499a67f1.jpg?ver=1777402667\",\"caption\":\"admin\"},\"sameAs\":[\"http:\/\/localhost\",\"https:\/\/www.instagram.com\/rentagor?igsh=MThzODNyM2Z0Y3MzZw&utm_source=qr\"],\"url\":\"https:\/\/rentagor.com\/tr\/author\/admin\/\"}]}<\/script>\n<!-- \/ Yoast SEO plugin. -->","yoast_head_json":{"title":"Renault Clio 1.5dci","description":"Renault Clio, Frans\u0131z otomobil \u00fcreticisi Renault taraf\u0131ndan tasarlanm\u0131\u015f ve \u00fcretilmi\u015f bir hatchback'tir. Bu arabay\u0131 Karada\u011f'da web sitemizden kiralayabilirsiniz.","robots":{"index":"index","follow":"follow","max-snippet":"max-snippet:-1","max-image-preview":"max-image-preview:large","max-video-preview":"max-video-preview:-1"},"canonical":"https:\/\/rentagor.com\/tr\/renault-clio-new\/","og_locale":"tr_TR","og_type":"article","og_title":"[:ru]Renault Clio 1.5dci[:en]Renault Clio 1.5dci[:tr]Renault Clio 1.5dci[:] - Montenegro ara\u00e7 kiralama","og_description":"[:ru]Renault Clio- \u044d\u0442\u043e \u0445\u0435\u0442\u0447\u0431\u044d\u043a, \u0440\u0430\u0437\u0440\u0430\u0431\u043e\u0442\u0430\u043d\u043d\u044b\u0439 \u0438 \u043f\u0440\u043e\u0438\u0437\u0432\u0435\u0434\u0435\u043d\u043d\u044b\u0439 \u0444\u0440\u0430\u043d\u0446\u0443\u0437\u043a\u0438\u043c \u043f\u0440\u043e\u0438\u0437\u0432\u043e\u0434\u0438\u0442\u0435\u043b\u0435\u043c \u0430\u0432\u0442\u043e\u043c\u043e\u0431\u0438\u043b\u0435\u0439 Rentault. \u041d\u0430 \u043d\u0430\u0448\u0435\u043c \u0441\u0430\u0439\u0442\u0435 \u0432\u044b \u043c\u043e\u0436\u0435\u0442\u0435 \u0430\u0440\u0435\u043d\u0434\u043e\u0432\u0430\u0442\u044c \u044d\u0442\u0443 \u043c\u0430\u0448\u0438\u043d\u0443 \u0432 \u0427\u0435\u0440\u043d\u043e\u0433\u043e\u0440\u0438\u0438.[:en]Renault Clio is a hatchback designed and manufactured by the French car manufacturer Renault. You can rent this car in Montenegro on our website.[:tr]Renault Clio, Frans\u0131z otomobil \u00fcreticisi Renault taraf\u0131ndan tasarlanm\u0131\u015f ve \u00fcretilmi\u015f bir hatchback'tir. Bu arabay\u0131 Karada\u011f'da web sitemizden kiralayabilirsiniz.[:]","og_url":"https:\/\/rentagor.com\/tr\/renault-clio-new\/","og_site_name":"Montenegro ara\u00e7 kiralama","article_published_time":"2019-06-08T12:22:00+00:00","article_modified_time":"2025-11-24T12:18:24+00:00","og_image":[{"width":300,"height":180,"url":"https:\/\/rentagor.com\/wp-content\/uploads\/2018\/02\/newclio2-300x180.jpg","type":"image\/jpeg"}],"author":"admin","twitter_card":"summary_large_image","twitter_misc":{"Yazan:":"admin","Tahmini okuma s\u00fcresi":"1 dakika"},"schema":{"@context":"https:\/\/schema.org","@graph":[{"@type":"Article","@id":"https:\/\/rentagor.com\/ru\/renault-clio-new\/#article","isPartOf":{"@id":"https:\/\/rentagor.com\/ru\/renault-clio-new\/"},"author":{"name":"admin","@id":"https:\/\/rentagor.com\/ru\/#\/schema\/person\/f47c048c55b1a484872db4bb045ba788"},"headline":"Renault Clio 1.5dci","datePublished":"2019-06-08T12:22:00+00:00","dateModified":"2025-11-24T12:18:24+00:00","mainEntityOfPage":{"@id":"https:\/\/rentagor.com\/ru\/renault-clio-new\/"},"wordCount":64,"commentCount":0,"image":{"@id":"https:\/\/rentagor.com\/ru\/renault-clio-new\/#primaryimage"},"thumbnailUrl":"https:\/\/rentagor.com\/wp-content\/uploads\/2018\/02\/newclio2-300x180.jpg","articleSection":["Hava limani Tivat","Hava limani Podgor\u0131ca","Bar","Becici","Budva","Herceg Nov\u0131","Kotor","Araba park\u0131","\u041f\u0435\u0442\u0440\u043e\u0432\u0430\u0446","Rafailovici","Sveti Stefan","Tivat"],"inLanguage":"tr-TR","potentialAction":[{"@type":"CommentAction","name":"Comment","target":["https:\/\/rentagor.com\/ru\/renault-clio-new\/#respond"]}]},{"@type":"WebPage","@id":"https:\/\/rentagor.com\/ru\/renault-clio-new\/","url":"https:\/\/rentagor.com\/ru\/renault-clio-new\/","name":"Renault Clio 1.5dci","isPartOf":{"@id":"https:\/\/rentagor.com\/ru\/#website"},"primaryImageOfPage":{"@id":"https:\/\/rentagor.com\/ru\/renault-clio-new\/#primaryimage"},"image":{"@id":"https:\/\/rentagor.com\/ru\/renault-clio-new\/#primaryimage"},"thumbnailUrl":"https:\/\/rentagor.com\/wp-content\/uploads\/2018\/02\/newclio2-300x180.jpg","datePublished":"2019-06-08T12:22:00+00:00","dateModified":"2025-11-24T12:18:24+00:00","author":{"@id":"https:\/\/rentagor.com\/ru\/#\/schema\/person\/f47c048c55b1a484872db4bb045ba788"},"description":"Renault Clio, Frans\u0131z otomobil \u00fcreticisi Renault taraf\u0131ndan tasarlanm\u0131\u015f ve \u00fcretilmi\u015f bir hatchback'tir. Bu arabay\u0131 Karada\u011f'da web sitemizden kiralayabilirsiniz.","breadcrumb":{"@id":"https:\/\/rentagor.com\/ru\/renault-clio-new\/#breadcrumb"},"inLanguage":"tr-TR","potentialAction":[{"@type":"ReadAction","target":["https:\/\/rentagor.com\/ru\/renault-clio-new\/"]}]},{"@type":"ImageObject","inLanguage":"tr-TR","@id":"https:\/\/rentagor.com\/ru\/renault-clio-new\/#primaryimage","url":"https:\/\/rentagor.com\/wp-content\/uploads\/2018\/02\/newclio2-300x180.jpg","contentUrl":"https:\/\/rentagor.com\/wp-content\/uploads\/2018\/02\/newclio2-300x180.jpg","width":300,"height":180},{"@type":"BreadcrumbList","@id":"https:\/\/rentagor.com\/ru\/renault-clio-new\/#breadcrumb","itemListElement":[{"@type":"ListItem","position":1,"name":"\u0413\u043b\u0430\u0432\u043d\u0430\u044f \u0441\u0442\u0440\u0430\u043d\u0438\u0446\u0430","item":"https:\/\/rentagor.com\/ru\/"},{"@type":"ListItem","position":2,"name":"Renault Clio 1.5dci"}]},{"@type":"WebSite","@id":"https:\/\/rentagor.com\/ru\/#website","url":"https:\/\/rentagor.com\/ru\/","name":"Montenegro ara\u00e7 kiralama","description":"\u015eirketimiz Montenegroda kaliteli araba kiralama hizmeti vermektedir.","potentialAction":[{"@type":"SearchAction","target":{"@type":"EntryPoint","urlTemplate":"https:\/\/rentagor.com\/ru\/?s={search_term_string}"},"query-input":{"@type":"PropertyValueSpecification","valueRequired":true,"valueName":"search_term_string"}}],"inLanguage":"tr-TR"},{"@type":"Person","@id":"https:\/\/rentagor.com\/ru\/#\/schema\/person\/f47c048c55b1a484872db4bb045ba788","name":"admin","image":{"@type":"ImageObject","inLanguage":"tr-TR","@id":"https:\/\/rentagor.com\/wp-content\/litespeed\/avatar\/ad155aac620ba06b9f7a5d49499a67f1.jpg?ver=1777402667","url":"https:\/\/rentagor.com\/wp-content\/litespeed\/avatar\/ad155aac620ba06b9f7a5d49499a67f1.jpg?ver=1777402667","contentUrl":"https:\/\/rentagor.com\/wp-content\/litespeed\/avatar\/ad155aac620ba06b9f7a5d49499a67f1.jpg?ver=1777402667","caption":"admin"},"sameAs":["http:\/\/localhost","https:\/\/www.instagram.com\/rentagor?igsh=MThzODNyM2Z0Y3MzZw&utm_source=qr"],"url":"https:\/\/rentagor.com\/tr\/author\/admin\/"}]}},"_links":{"self":[{"href":"https:\/\/rentagor.com\/tr\/wp-json\/wp\/v2\/posts\/2035","targetHints":{"allow":["GET"]}}],"collection":[{"href":"https:\/\/rentagor.com\/tr\/wp-json\/wp\/v2\/posts"}],"about":[{"href":"https:\/\/rentagor.com\/tr\/wp-json\/wp\/v2\/types\/post"}],"author":[{"embeddable":true,"href":"https:\/\/rentagor.com\/tr\/wp-json\/wp\/v2\/users\/1"}],"replies":[{"embeddable":true,"href":"https:\/\/rentagor.com\/tr\/wp-json\/wp\/v2\/comments?post=2035"}],"version-history":[{"count":102,"href":"https:\/\/rentagor.com\/tr\/wp-json\/wp\/v2\/posts\/2035\/revisions"}],"predecessor-version":[{"id":6652,"href":"https:\/\/rentagor.com\/tr\/wp-json\/wp\/v2\/posts\/2035\/revisions\/6652"}],"wp:featuredmedia":[{"embeddable":true,"href":"https:\/\/rentagor.com\/tr\/wp-json\/wp\/v2\/media\/2036"}],"wp:attachment":[{"href":"https:\/\/rentagor.com\/tr\/wp-json\/wp\/v2\/media?parent=2035"}],"wp:term":[{"taxonomy":"category","embeddable":true,"href":"https:\/\/rentagor.com\/tr\/wp-json\/wp\/v2\/categories?post=2035"},{"taxonomy":"post_tag","embeddable":true,"href":"https:\/\/rentagor.com\/tr\/wp-json\/wp\/v2\/tags?post=2035"}],"curies":[{"name":"wp","href":"https:\/\/api.w.org\/{rel}","templated":true}]}}