{"id":4140,"date":"2019-02-26T16:47:11","date_gmt":"2019-02-26T13:47:11","guid":{"rendered":"https:\/\/rentagor.com\/tr\/?p=4140"},"modified":"2019-02-26T16:56:35","modified_gmt":"2019-02-26T13:56:35","slug":"kratko-o-chernogorii","status":"publish","type":"post","link":"https:\/\/rentagor.com\/tr\/kratko-o-chernogorii\/","title":{"rendered":"Karadag hakkinda"},"content":{"rendered":"<p><img loading=\"lazy\" decoding=\"async\" src=\"https:\/\/rentagor.com\/wp-content\/uploads\/2019\/02\/montenegro-tour-adriatic-explore-300x200.jpg\" alt=\"\" width=\"300\" height=\"200\" class=\"alignnone size-medium wp-image-4143\" srcset=\"https:\/\/rentagor.com\/wp-content\/uploads\/2019\/02\/montenegro-tour-adriatic-explore-300x200.jpg 300w, https:\/\/rentagor.com\/wp-content\/uploads\/2019\/02\/montenegro-tour-adriatic-explore-768x512.jpg 768w, https:\/\/rentagor.com\/wp-content\/uploads\/2019\/02\/montenegro-tour-adriatic-explore-1024x683.jpg 1024w, https:\/\/rentagor.com\/wp-content\/uploads\/2019\/02\/montenegro-tour-adriatic-explore.jpg 1920w\" sizes=\"auto, (max-width: 300px) 100vw, 300px\" \/><\/p>\n<p>Karada\u011f&#8217;a g\u00f6\u00e7 i\u00e7in se\u00e7enekler:<\/p>\n<p>M\u00fclteci stat\u00fcs\u00fc al\u0131nd\u0131ktan sonra;<\/p>\n<p>Karada\u011f vatanda\u015f\u0131 olan ya da bu \u00fclkede oturma izni alm\u0131\u015f biriyle resmi bir evlili\u011fin olmas\u0131 halinde;<\/p>\n<p>yabanc\u0131n\u0131n bir Karada\u011f uyruklu veya \u00fclkenin vatanda\u015f\u0131 ile olan yak\u0131n akrabala\u011f\u0131 olmas\u0131 durumunda;<\/p>\n<p>Karada\u011f&#8217;da yasal olarak ikamet eden aile fertleriyle birle\u015fmek istemesi halinde;<\/p>\n<p>Karada\u011f&#8217;da uzun s\u00fcreli tedaviden ge\u00e7mesi gerektiyinde;<\/p>\n<p>\u00dclkenin ekonomisine yat\u0131r\u0131m yapmak istiyorsan\u0131z;<\/p>\n<p>Karada\u011f topraklar\u0131nda m\u00fclk al\u0131rken; kendi i\u015finizi burada d\u00fczenlemek isterseniz;<\/p>\n<p>mevsimlik do\u011fa i\u015fini yaparken de dahil olmak \u00fczere yerel bir i\u015fveren taraf\u0131ndan \u00e7al\u0131\u015ft\u0131r\u0131ld\u0131\u011f\u0131nda;<\/p>\n<p>Karada\u011f&#8217;da y\u00fcksek \u00f6\u011fretim almak istiyorsan\u0131z, yeterlilik veya uzmanl\u0131k d\u00fczeyini iyile\u015ftirmek i\u00e7in;<\/p>\n<p>\u00fclkede ara\u015ft\u0131rma y\u00fcr\u00fct\u00fcrken; gerekirse, Karada\u011f&#8217;da staj.<\/p>\n","protected":false},"excerpt":{"rendered":"<p>Karada\u011f&#8217;a g\u00f6\u00e7 i\u00e7in se\u00e7enekler: M\u00fclteci stat\u00fcs\u00fc al\u0131nd\u0131ktan sonra; Karada\u011f vatanda\u015f\u0131 olan ya da bu \u00fclkede oturma izni alm\u0131\u015f biriyle resmi bir evlili\u011fin olmas\u0131 halinde; yabanc\u0131n\u0131n bir Karada\u011f uyruklu veya \u00fclkenin vatanda\u015f\u0131 ile olan yak\u0131n akrabala\u011f\u0131 olmas\u0131 durumunda; Karada\u011f&#8217;da yasal olarak ikamet eden aile fertleriyle birle\u015fmek istemesi halinde; Karada\u011f&#8217;da uzun s\u00fcreli tedaviden ge\u00e7mesi gerektiyinde; \u00dclkenin ekonomisine [&hellip;]<\/p>\n","protected":false},"author":1,"featured_media":4143,"comment_status":"open","ping_status":"open","sticky":false,"template":"","format":"standard","meta":{"ngg_post_thumbnail":0,"footnotes":""},"categories":[205],"tags":[],"class_list":["post-4140","post","type-post","status-publish","format-standard","has-post-thumbnail","hentry","category-news-and-promotions"],"yoast_head":"<!-- This site is optimized with the Yoast SEO plugin v27.2 - https:\/\/yoast.com\/product\/yoast-seo-wordpress\/ -->\n<title>Karadag hakkinda<\/title>\n<meta name=\"robots\" content=\"index, follow, max-snippet:-1, max-image-preview:large, max-video-preview:-1\" \/>\n<link rel=\"canonical\" href=\"https:\/\/rentagor.com\/tr\/kratko-o-chernogorii\/\" \/>\n<meta property=\"og:locale\" content=\"tr_TR\" \/>\n<meta property=\"og:locale:alternate\" content=\"ru_RU\" \/>\n<meta property=\"og:locale:alternate\" content=\"en_US\" \/>\n<meta property=\"og:type\" content=\"article\" \/>\n<meta property=\"og:title\" content=\"Karadag hakkinda\" \/>\n<meta property=\"og:description\" content=\"Karada\u011f&#8217;a g\u00f6\u00e7 i\u00e7in se\u00e7enekler: M\u00fclteci stat\u00fcs\u00fc al\u0131nd\u0131ktan sonra; Karada\u011f vatanda\u015f\u0131 olan ya da bu \u00fclkede oturma izni alm\u0131\u015f biriyle resmi bir evlili\u011fin olmas\u0131 halinde; yabanc\u0131n\u0131n bir Karada\u011f uyruklu veya \u00fclkenin vatanda\u015f\u0131 ile olan yak\u0131n akrabala\u011f\u0131 olmas\u0131 durumunda; Karada\u011f&#8217;da yasal olarak ikamet eden aile fertleriyle birle\u015fmek istemesi halinde; Karada\u011f&#8217;da uzun s\u00fcreli tedaviden ge\u00e7mesi gerektiyinde; \u00dclkenin ekonomisine [&hellip;]\" \/>\n<meta property=\"og:url\" content=\"https:\/\/rentagor.com\/tr\/kratko-o-chernogorii\/\" \/>\n<meta property=\"og:site_name\" content=\"Montenegro ara\u00e7 kiralama\" \/>\n<meta property=\"article:published_time\" content=\"2019-02-26T13:47:11+00:00\" \/>\n<meta property=\"article:modified_time\" content=\"2019-02-26T13:56:35+00:00\" \/>\n<meta property=\"og:image\" content=\"https:\/\/rentagor.com\/wp-content\/uploads\/2019\/02\/montenegro-tour-adriatic-explore.jpg\" \/>\n\t<meta property=\"og:image:width\" content=\"1920\" \/>\n\t<meta property=\"og:image:height\" content=\"1280\" \/>\n\t<meta property=\"og:image:type\" content=\"image\/jpeg\" \/>\n<meta name=\"author\" content=\"admin\" \/>\n<meta name=\"twitter:card\" content=\"summary_large_image\" \/>\n<meta name=\"twitter:label1\" content=\"Yazan:\" \/>\n\t<meta name=\"twitter:data1\" content=\"admin\" \/>\n\t<meta name=\"twitter:label2\" content=\"Tahmini okuma s\u00fcresi\" \/>\n\t<meta name=\"twitter:data2\" content=\"1 dakika\" \/>\n<script type=\"application\/ld+json\" class=\"yoast-schema-graph\">{\"@context\":\"https:\/\/schema.org\",\"@graph\":[{\"@type\":\"Article\",\"@id\":\"https:\/\/rentagor.com\/ru\/kratko-o-chernogorii\/#article\",\"isPartOf\":{\"@id\":\"https:\/\/rentagor.com\/ru\/kratko-o-chernogorii\/\"},\"author\":{\"name\":\"admin\",\"@id\":\"https:\/\/rentagor.com\/ru\/#\/schema\/person\/f47c048c55b1a484872db4bb045ba788\"},\"headline\":\"Karadag hakkinda\",\"datePublished\":\"2019-02-26T13:47:11+00:00\",\"dateModified\":\"2019-02-26T13:56:35+00:00\",\"mainEntityOfPage\":{\"@id\":\"https:\/\/rentagor.com\/ru\/kratko-o-chernogorii\/\"},\"wordCount\":175,\"commentCount\":0,\"image\":{\"@id\":\"https:\/\/rentagor.com\/ru\/kratko-o-chernogorii\/#primaryimage\"},\"thumbnailUrl\":\"https:\/\/rentagor.com\/wp-content\/uploads\/2019\/02\/montenegro-tour-adriatic-explore.jpg\",\"articleSection\":[\"Karada\u011f Hakk\u0131nda Faydal\u0131 Makaleler\"],\"inLanguage\":\"tr-TR\",\"potentialAction\":[{\"@type\":\"CommentAction\",\"name\":\"Comment\",\"target\":[\"https:\/\/rentagor.com\/ru\/kratko-o-chernogorii\/#respond\"]}]},{\"@type\":\"WebPage\",\"@id\":\"https:\/\/rentagor.com\/ru\/kratko-o-chernogorii\/\",\"url\":\"https:\/\/rentagor.com\/ru\/kratko-o-chernogorii\/\",\"name\":\"Karadag hakkinda\",\"isPartOf\":{\"@id\":\"https:\/\/rentagor.com\/ru\/#website\"},\"primaryImageOfPage\":{\"@id\":\"https:\/\/rentagor.com\/ru\/kratko-o-chernogorii\/#primaryimage\"},\"image\":{\"@id\":\"https:\/\/rentagor.com\/ru\/kratko-o-chernogorii\/#primaryimage\"},\"thumbnailUrl\":\"https:\/\/rentagor.com\/wp-content\/uploads\/2019\/02\/montenegro-tour-adriatic-explore.jpg\",\"datePublished\":\"2019-02-26T13:47:11+00:00\",\"dateModified\":\"2019-02-26T13:56:35+00:00\",\"author\":{\"@id\":\"https:\/\/rentagor.com\/ru\/#\/schema\/person\/f47c048c55b1a484872db4bb045ba788\"},\"breadcrumb\":{\"@id\":\"https:\/\/rentagor.com\/ru\/kratko-o-chernogorii\/#breadcrumb\"},\"inLanguage\":\"tr-TR\",\"potentialAction\":[{\"@type\":\"ReadAction\",\"target\":[\"https:\/\/rentagor.com\/ru\/kratko-o-chernogorii\/\"]}]},{\"@type\":\"ImageObject\",\"inLanguage\":\"tr-TR\",\"@id\":\"https:\/\/rentagor.com\/ru\/kratko-o-chernogorii\/#primaryimage\",\"url\":\"https:\/\/rentagor.com\/wp-content\/uploads\/2019\/02\/montenegro-tour-adriatic-explore.jpg\",\"contentUrl\":\"https:\/\/rentagor.com\/wp-content\/uploads\/2019\/02\/montenegro-tour-adriatic-explore.jpg\",\"width\":1920,\"height\":1280},{\"@type\":\"BreadcrumbList\",\"@id\":\"https:\/\/rentagor.com\/ru\/kratko-o-chernogorii\/#breadcrumb\",\"itemListElement\":[{\"@type\":\"ListItem\",\"position\":1,\"name\":\"\u0413\u043b\u0430\u0432\u043d\u0430\u044f \u0441\u0442\u0440\u0430\u043d\u0438\u0446\u0430\",\"item\":\"https:\/\/rentagor.com\/ru\/\"},{\"@type\":\"ListItem\",\"position\":2,\"name\":\"\u041a\u0440\u0430\u0442\u043a\u043e \u043e \u0427\u0435\u0440\u043d\u043e\u0433\u043e\u0440\u0438\u0438\"}]},{\"@type\":\"WebSite\",\"@id\":\"https:\/\/rentagor.com\/ru\/#website\",\"url\":\"https:\/\/rentagor.com\/ru\/\",\"name\":\"Montenegro ara\u00e7 kiralama\",\"description\":\"\u015eirketimiz Montenegroda kaliteli araba kiralama hizmeti vermektedir.\",\"potentialAction\":[{\"@type\":\"SearchAction\",\"target\":{\"@type\":\"EntryPoint\",\"urlTemplate\":\"https:\/\/rentagor.com\/ru\/?s={search_term_string}\"},\"query-input\":{\"@type\":\"PropertyValueSpecification\",\"valueRequired\":true,\"valueName\":\"search_term_string\"}}],\"inLanguage\":\"tr-TR\"},{\"@type\":\"Person\",\"@id\":\"https:\/\/rentagor.com\/ru\/#\/schema\/person\/f47c048c55b1a484872db4bb045ba788\",\"name\":\"admin\",\"image\":{\"@type\":\"ImageObject\",\"inLanguage\":\"tr-TR\",\"@id\":\"https:\/\/rentagor.com\/wp-content\/litespeed\/avatar\/ad155aac620ba06b9f7a5d49499a67f1.jpg?ver=1777402667\",\"url\":\"https:\/\/rentagor.com\/wp-content\/litespeed\/avatar\/ad155aac620ba06b9f7a5d49499a67f1.jpg?ver=1777402667\",\"contentUrl\":\"https:\/\/rentagor.com\/wp-content\/litespeed\/avatar\/ad155aac620ba06b9f7a5d49499a67f1.jpg?ver=1777402667\",\"caption\":\"admin\"},\"sameAs\":[\"http:\/\/localhost\",\"https:\/\/www.instagram.com\/rentagor?igsh=MThzODNyM2Z0Y3MzZw&utm_source=qr\"],\"url\":\"https:\/\/rentagor.com\/tr\/author\/admin\/\"}]}<\/script>\n<!-- \/ Yoast SEO plugin. -->","yoast_head_json":{"title":"Karadag hakkinda","robots":{"index":"index","follow":"follow","max-snippet":"max-snippet:-1","max-image-preview":"max-image-preview:large","max-video-preview":"max-video-preview:-1"},"canonical":"https:\/\/rentagor.com\/tr\/kratko-o-chernogorii\/","og_locale":"tr_TR","og_type":"article","og_title":"[:ru]\u041a\u0440\u0430\u0442\u043a\u043e \u043e \u0427\u0435\u0440\u043d\u043e\u0433\u043e\u0440\u0438\u0438[:en]Briefly about Montenegro[:tr]Karadag hakkinda[:] - Montenegro ara\u00e7 kiralama","og_description":"Karada\u011f&#8217;a g\u00f6\u00e7 i\u00e7in se\u00e7enekler: M\u00fclteci stat\u00fcs\u00fc al\u0131nd\u0131ktan sonra; Karada\u011f vatanda\u015f\u0131 olan ya da bu \u00fclkede oturma izni alm\u0131\u015f biriyle resmi bir evlili\u011fin olmas\u0131 halinde; yabanc\u0131n\u0131n bir Karada\u011f uyruklu veya \u00fclkenin vatanda\u015f\u0131 ile olan yak\u0131n akrabala\u011f\u0131 olmas\u0131 durumunda; Karada\u011f&#8217;da yasal olarak ikamet eden aile fertleriyle birle\u015fmek istemesi halinde; Karada\u011f&#8217;da uzun s\u00fcreli tedaviden ge\u00e7mesi gerektiyinde; \u00dclkenin ekonomisine [&hellip;]","og_url":"https:\/\/rentagor.com\/tr\/kratko-o-chernogorii\/","og_site_name":"Montenegro ara\u00e7 kiralama","article_published_time":"2019-02-26T13:47:11+00:00","article_modified_time":"2019-02-26T13:56:35+00:00","og_image":[{"width":1920,"height":1280,"url":"https:\/\/rentagor.com\/wp-content\/uploads\/2019\/02\/montenegro-tour-adriatic-explore.jpg","type":"image\/jpeg"}],"author":"admin","twitter_card":"summary_large_image","twitter_misc":{"Yazan:":"admin","Tahmini okuma s\u00fcresi":"1 dakika"},"schema":{"@context":"https:\/\/schema.org","@graph":[{"@type":"Article","@id":"https:\/\/rentagor.com\/ru\/kratko-o-chernogorii\/#article","isPartOf":{"@id":"https:\/\/rentagor.com\/ru\/kratko-o-chernogorii\/"},"author":{"name":"admin","@id":"https:\/\/rentagor.com\/ru\/#\/schema\/person\/f47c048c55b1a484872db4bb045ba788"},"headline":"Karadag hakkinda","datePublished":"2019-02-26T13:47:11+00:00","dateModified":"2019-02-26T13:56:35+00:00","mainEntityOfPage":{"@id":"https:\/\/rentagor.com\/ru\/kratko-o-chernogorii\/"},"wordCount":175,"commentCount":0,"image":{"@id":"https:\/\/rentagor.com\/ru\/kratko-o-chernogorii\/#primaryimage"},"thumbnailUrl":"https:\/\/rentagor.com\/wp-content\/uploads\/2019\/02\/montenegro-tour-adriatic-explore.jpg","articleSection":["Karada\u011f Hakk\u0131nda Faydal\u0131 Makaleler"],"inLanguage":"tr-TR","potentialAction":[{"@type":"CommentAction","name":"Comment","target":["https:\/\/rentagor.com\/ru\/kratko-o-chernogorii\/#respond"]}]},{"@type":"WebPage","@id":"https:\/\/rentagor.com\/ru\/kratko-o-chernogorii\/","url":"https:\/\/rentagor.com\/ru\/kratko-o-chernogorii\/","name":"Karadag hakkinda","isPartOf":{"@id":"https:\/\/rentagor.com\/ru\/#website"},"primaryImageOfPage":{"@id":"https:\/\/rentagor.com\/ru\/kratko-o-chernogorii\/#primaryimage"},"image":{"@id":"https:\/\/rentagor.com\/ru\/kratko-o-chernogorii\/#primaryimage"},"thumbnailUrl":"https:\/\/rentagor.com\/wp-content\/uploads\/2019\/02\/montenegro-tour-adriatic-explore.jpg","datePublished":"2019-02-26T13:47:11+00:00","dateModified":"2019-02-26T13:56:35+00:00","author":{"@id":"https:\/\/rentagor.com\/ru\/#\/schema\/person\/f47c048c55b1a484872db4bb045ba788"},"breadcrumb":{"@id":"https:\/\/rentagor.com\/ru\/kratko-o-chernogorii\/#breadcrumb"},"inLanguage":"tr-TR","potentialAction":[{"@type":"ReadAction","target":["https:\/\/rentagor.com\/ru\/kratko-o-chernogorii\/"]}]},{"@type":"ImageObject","inLanguage":"tr-TR","@id":"https:\/\/rentagor.com\/ru\/kratko-o-chernogorii\/#primaryimage","url":"https:\/\/rentagor.com\/wp-content\/uploads\/2019\/02\/montenegro-tour-adriatic-explore.jpg","contentUrl":"https:\/\/rentagor.com\/wp-content\/uploads\/2019\/02\/montenegro-tour-adriatic-explore.jpg","width":1920,"height":1280},{"@type":"BreadcrumbList","@id":"https:\/\/rentagor.com\/ru\/kratko-o-chernogorii\/#breadcrumb","itemListElement":[{"@type":"ListItem","position":1,"name":"\u0413\u043b\u0430\u0432\u043d\u0430\u044f \u0441\u0442\u0440\u0430\u043d\u0438\u0446\u0430","item":"https:\/\/rentagor.com\/ru\/"},{"@type":"ListItem","position":2,"name":"\u041a\u0440\u0430\u0442\u043a\u043e \u043e \u0427\u0435\u0440\u043d\u043e\u0433\u043e\u0440\u0438\u0438"}]},{"@type":"WebSite","@id":"https:\/\/rentagor.com\/ru\/#website","url":"https:\/\/rentagor.com\/ru\/","name":"Montenegro ara\u00e7 kiralama","description":"\u015eirketimiz Montenegroda kaliteli araba kiralama hizmeti vermektedir.","potentialAction":[{"@type":"SearchAction","target":{"@type":"EntryPoint","urlTemplate":"https:\/\/rentagor.com\/ru\/?s={search_term_string}"},"query-input":{"@type":"PropertyValueSpecification","valueRequired":true,"valueName":"search_term_string"}}],"inLanguage":"tr-TR"},{"@type":"Person","@id":"https:\/\/rentagor.com\/ru\/#\/schema\/person\/f47c048c55b1a484872db4bb045ba788","name":"admin","image":{"@type":"ImageObject","inLanguage":"tr-TR","@id":"https:\/\/rentagor.com\/wp-content\/litespeed\/avatar\/ad155aac620ba06b9f7a5d49499a67f1.jpg?ver=1777402667","url":"https:\/\/rentagor.com\/wp-content\/litespeed\/avatar\/ad155aac620ba06b9f7a5d49499a67f1.jpg?ver=1777402667","contentUrl":"https:\/\/rentagor.com\/wp-content\/litespeed\/avatar\/ad155aac620ba06b9f7a5d49499a67f1.jpg?ver=1777402667","caption":"admin"},"sameAs":["http:\/\/localhost","https:\/\/www.instagram.com\/rentagor?igsh=MThzODNyM2Z0Y3MzZw&utm_source=qr"],"url":"https:\/\/rentagor.com\/tr\/author\/admin\/"}]}},"_links":{"self":[{"href":"https:\/\/rentagor.com\/tr\/wp-json\/wp\/v2\/posts\/4140","targetHints":{"allow":["GET"]}}],"collection":[{"href":"https:\/\/rentagor.com\/tr\/wp-json\/wp\/v2\/posts"}],"about":[{"href":"https:\/\/rentagor.com\/tr\/wp-json\/wp\/v2\/types\/post"}],"author":[{"embeddable":true,"href":"https:\/\/rentagor.com\/tr\/wp-json\/wp\/v2\/users\/1"}],"replies":[{"embeddable":true,"href":"https:\/\/rentagor.com\/tr\/wp-json\/wp\/v2\/comments?post=4140"}],"version-history":[{"count":4,"href":"https:\/\/rentagor.com\/tr\/wp-json\/wp\/v2\/posts\/4140\/revisions"}],"predecessor-version":[{"id":4145,"href":"https:\/\/rentagor.com\/tr\/wp-json\/wp\/v2\/posts\/4140\/revisions\/4145"}],"wp:featuredmedia":[{"embeddable":true,"href":"https:\/\/rentagor.com\/tr\/wp-json\/wp\/v2\/media\/4143"}],"wp:attachment":[{"href":"https:\/\/rentagor.com\/tr\/wp-json\/wp\/v2\/media?parent=4140"}],"wp:term":[{"taxonomy":"category","embeddable":true,"href":"https:\/\/rentagor.com\/tr\/wp-json\/wp\/v2\/categories?post=4140"},{"taxonomy":"post_tag","embeddable":true,"href":"https:\/\/rentagor.com\/tr\/wp-json\/wp\/v2\/tags?post=4140"}],"curies":[{"name":"wp","href":"https:\/\/api.w.org\/{rel}","templated":true}]}}